{"id":1000319,"date":"2021-09-26T00:00:00","date_gmt":"2021-09-25T22:00:00","guid":{"rendered":""},"modified":"2021-09-27T11:22:13","modified_gmt":"2021-09-27T09:22:13","slug":"giornata-mondiale-della-contraccezione","status":"publish","type":"post","link":"https:\/\/www.comodo.it\/blog\/giornata-mondiale-della-contraccezione\/","title":{"rendered":"Giornata mondiale della contraccezione"},"content":{"rendered":"<p>Oggi 26 settembre 2021 \u00e8 la <strong>giornata mondiale della Contraccezione,<\/strong> noi di Comodo.it abbiamo deciso di renderle onore e quale occasione migliore per ricordare ancora una volta l&#8217;uso del preservativo per salvaguardare la nostra salute.<\/p>\n<p>Niente ironia e niente malizia, non c&#8217;\u00e8 nulla di divertente nel comprendere quanto il sesso non protetto possa causare danni irreversibili nella vita di una persona.<\/p>\n<p>I dati che vi mostriamo sono il frutto di ricerche statiche nel nostro Paese e fanno riferimento a persone reali:<\/p>\n<p>Il 24,8% delle donne, in et\u00e0 fertile, utilizzano sistemi poco sicuriper evitare gravidanze non volute.<br \/>\nIl 17,5% utilizza ancora la pratica del coito interrotto<br \/>\nIl 4,2% si affida ai metodi naturali<br \/>\nIl 3,1% ricorrono ad altri rimedi.<\/p>\n<p>Solo il 16,2% delle donne italiane fa uso di contraccettivi orali. La percentuale \u00e8 bassa soprattutto a Mezzogiorno e in Sicilia. In queste regioni \u00e8 alto il numero di mamme in et\u00e0 giovanissima circa la met\u00e0 delle 7.819 baby mamme odierne<\/p>\n<p>&#8220;Un quadro che denota una scarsa consapevolezza e che richiede interventi di educazione sessuale e all&#8217;affettivit\u00e0 sin dalla scuola&#8221; spiega Paolo Scollo, Presidente Nazionale della Societ\u00e0 Italiana di Ginecologia e Ostetricia (SIGO)<\/p>\n<p>Nel nostro Paese il <a href=\"https:\/\/www.comodo.it\/blog\/educazione-sessuale-migliora-la-prevenzione\/\"><strong>tema della contraccezione rappresenta ancora un tab\u00f9<\/strong><\/a>. Gli stessi programmi educativi presentano ancora parziali lacune.<\/p>\n<p>In occasione della Giornata Mondiale sono stati presentati i risultati di uno studio condotto su 9 Paesi che ha preso in esame 4.500 donne d&#8217;et\u00e0 compresa tra i 20 e 29 anni, di cui 500 italiane.<\/p>\n<p><strong>&#8220;Una su due \u00e8 alla ricerca di un contraccettivo che garantisca maggiore serenit\u00e0 e che sia pi\u00f9 comodo rispetto a pillola, anello o cerotto&#8221; afferma Valeria Dubini, Consigliere Nazionale SIGO<\/strong><\/p>\n<p>La <strong>contraccezione intrauterina e il preservativo femminile<\/strong> \u00e8 in crescita, in Italia, anche se \u00e8 ancora pi\u00f9 basso il suo utilizzo, rispetto alla media europea.<\/p>\n<blockquote><p>&#8220;Dobbiamo riuscire ad incrementare anche nel nostro Paese il ricorso a questi metodi che presentano una notevole sicurezza ed efficacia, costi ridotti ed un&#8217;elevata compliance grazie anche alla praticit\u00e0 d&#8217;uso. L&#8217;innovazione medico-scientifica ha portato a dispositivi come Jaydess che possono essere tranquillamente usati anche dalle giovani o da chi non ha mai dovuto affrontare una gravidanza&#8221; sostiene Attilio di Spezio Sardo, docente di Ginecologia e Ostetricia della Universit\u00e0 Federico II di Napoli.<\/p><\/blockquote>\n<p>&nbsp;<\/p>\n","protected":false},"excerpt":{"rendered":"<p>Dati statici su: HIV, Aids e tutte le MTS. informati su Comood.it&#8230;<\/p>\n","protected":false},"author":3,"featured_media":1005111,"comment_status":"closed","ping_status":"closed","sticky":false,"template":"","format":"standard","meta":{"_acf_changed":false,"footnotes":""},"categories":[79],"tags":[],"class_list":["post-1000319","post","type-post","status-publish","format-standard","has-post-thumbnail","hentry","category-contraccezione"],"acf":[],"aioseo_notices":[],"_links":{"self":[{"href":"https:\/\/www.comodo.it\/blog\/wp-json\/wp\/v2\/posts\/1000319","targetHints":{"allow":["GET"]}}],"collection":[{"href":"https:\/\/www.comodo.it\/blog\/wp-json\/wp\/v2\/posts"}],"about":[{"href":"https:\/\/www.comodo.it\/blog\/wp-json\/wp\/v2\/types\/post"}],"author":[{"embeddable":true,"href":"https:\/\/www.comodo.it\/blog\/wp-json\/wp\/v2\/users\/3"}],"replies":[{"embeddable":true,"href":"https:\/\/www.comodo.it\/blog\/wp-json\/wp\/v2\/comments?post=1000319"}],"version-history":[{"count":0,"href":"https:\/\/www.comodo.it\/blog\/wp-json\/wp\/v2\/posts\/1000319\/revisions"}],"wp:featuredmedia":[{"embeddable":true,"href":"https:\/\/www.comodo.it\/blog\/wp-json\/wp\/v2\/media\/1005111"}],"wp:attachment":[{"href":"https:\/\/www.comodo.it\/blog\/wp-json\/wp\/v2\/media?parent=1000319"}],"wp:term":[{"taxonomy":"category","embeddable":true,"href":"https:\/\/www.comodo.it\/blog\/wp-json\/wp\/v2\/categories?post=1000319"},{"taxonomy":"post_tag","embeddable":true,"href":"https:\/\/www.comodo.it\/blog\/wp-json\/wp\/v2\/tags?post=1000319"}],"curies":[{"name":"wp","href":"https:\/\/api.w.org\/{rel}","templated":true}]}}