{"id":1000434,"date":"2016-02-26T00:00:00","date_gmt":"2016-02-25T23:00:00","guid":{"rendered":""},"modified":"2019-06-12T15:42:11","modified_gmt":"2019-06-12T13:42:11","slug":"milano-settimana-della-moda-dove-sono-i-condom","status":"publish","type":"post","link":"https:\/\/www.comodo.it\/blog\/milano-settimana-della-moda-dove-sono-i-condom\/","title":{"rendered":"Milano, Settimana della moda: dove sono i condom?"},"content":{"rendered":"<p>Quando c&#8217;\u00e8 la Settimana della Moda, a Milano tutto pu\u00f2 succedere. Le sfilate dei grandi stilisti sono appena iniziate e chiss\u00e0 se anche quest&#8217;anno arriveranno provocazioni e <strong>messaggi dedicati alla sicurezza e all\u2019uso del preservativo <\/strong>dall\u2019universo fashion.<\/p>\n<p>Sono molti infatti gli stilisti che nel corso degli anni hanno scelto di <strong>parlare di sesso sicuro in passerella<\/strong>. E c&#8217;\u00e8 perfino chi ha realizzato abiti fatti interamente di profilattici. Come <strong>Adriana Bertini<\/strong>, stilista brasiliana e attivista per la lotta contro l\u2019HIV.<\/p>\n<p>Lei ha creato <a href=\"\/blog\/preservativo-e-moda-adriana-bertini-e-le-sue-creazioni\/1000124\" target=\"_blank\" rel=\"noopener noreferrer\">la linea di abbigliamento<\/a>\u00a0ispirata all\u2019educazione sulla prevenzione sessuale riciclando quei profilattici fallati messi da parte dalle fabbriche.<\/p>\n<p>La sua \u00e8 un\u2019arte che lancia una provocazione chiara che <strong>invita all\u2019uso del preservativo<\/strong>, rivolgendosi in particolar modo alla sua terra, il Brasile.<\/p>\n<p>Poteva quindi mancare nella collezione Bertini l\u2019ispirazione al carnevale pi\u00f9 trasgressivo di sempre?<\/p>\n<p>Eccolo qui,<strong> l\u2019abito rosso simbolo della lotta contro l\u2019AIDS<\/strong> dedicato alla grande festa di Rio.<\/p>\n<img loading=\"lazy\" decoding=\"async\" style=\"display: block; margin-left: auto; margin-right: auto;\" src=\"https:\/\/www.comodo.it\/blog\/img\/cms\/abiti-condom\/adriana bertini.jpg\" alt=\"abiti condom adriana bertini\" width=\"774\" height=\"503\" \/>\n<p>Ma gli abiti in lattice pi\u00f9 sfavillanti hanno sfilato sulle passerelle di tutto il mondo: dalla effervescente<strong> campagna \u201cCondom couture\u2019\u2019 di Asheville<\/strong>, negli Usa, alla \u201c<strong>Condom Fashion Mix<\/strong>\u201d, l\u2019<strong>evento organizzato in Vietnam<\/strong> nel 2013 con una collezione di abiti fatti esclusivamente in condom di tutte le tipologie e colori, per un totale di 25mila preservativi applicati.<\/p>\n<p>Nel 2011 la Carolina Producitions della University of South Carolina ha presentato il \u201c<strong>Project Condom<\/strong>\u2019\u2019, il progetto nato per per dare vita a <strong>una nuova linea di abbigliamento stravagante e fashion<\/strong>. Ancora una volta quindi vince il connubio moda e sessualit\u00e0.<\/p>\n<p>In occasione della Settimana della Moda abbiamo raccolto una carrellata di foto per mostrare le esperienze che hanno portato sotto i riflettori<strong> il tema della prevenzione<\/strong>, e anche per invitare gli addetti ai lavori a non smettere mai di farlo. Del resto il preservativo oggi pu\u00f2 essere indossato come fosse un capo d&#8217;abbigliamento.<\/p>\n<p><span style=\"color: #349e9c;\">_________________________________________________________<\/span><br \/>\n<span style=\"color: #d0121a;\">LEGGI:\u00a0<a href=\"\/marche\/preservativo\/mysize\/18\" target=\"_blank\" rel=\"noopener noreferrer\"><span style=\"color: #d0121a;\">Scopri il mondo My.Size, trova il preservativo della tua taglia<\/span><\/a><\/span><br \/>\n<span style=\"color: #349e9c;\">_________________________________________________________<\/span><\/p>\n<p>&nbsp;<\/p>\n<p>E chi lo sa, magari cos\u00ec nascono nuove ispirazioni o nuovi talenti.<\/p>\n<table style=\"height: 293px; margin-left: auto; margin-right: auto;\" width=\"605\">\n<tbody>\n<tr>\n<td>&nbsp;<\/p>\n<img loading=\"lazy\" decoding=\"async\" src=\"https:\/\/www.comodo.it\/blog\/img\/cms\/abiti-condom\/image003.jpg\" alt=\"abito fatto con i preservativi\" width=\"168\" height=\"265\" \/>\n<p>&nbsp;<\/td>\n<td style=\"text-align: center;\"><img loading=\"lazy\" decoding=\"async\" src=\"https:\/\/www.comodo.it\/blog\/img\/cms\/abiti-condom\/carilna3.jpg\" alt=\"abito moda con i profilattici\" width=\"174\" height=\"262\" \/><\/td>\n<td style=\"text-align: center;\"><img loading=\"lazy\" decoding=\"async\" src=\"https:\/\/www.comodo.it\/blog\/img\/cms\/abiti-condom\/carolina2.jpg\" alt=\"sfilata di moda abiti fatti con condom\" width=\"168\" height=\"254\" \/><\/td>\n<\/tr>\n<\/tbody>\n<\/table>\n<table style=\"height: 330px; margin-left: auto; margin-right: auto;\" width=\"606\">\n<tbody>\n<tr>\n<td><img loading=\"lazy\" decoding=\"async\" src=\"https:\/\/www.comodo.it\/blog\/img\/cms\/abiti-condom\/image010.jpg\" alt=\"vestiti creati con i preservativi\" width=\"202\" height=\"304\" \/><\/td>\n<td><img loading=\"lazy\" decoding=\"async\" src=\"https:\/\/www.comodo.it\/blog\/img\/cms\/abiti-condom\/preservativi_passerella_4.jpg\" alt=\"abiti alta moda fatti con i preservativi riciclati\" width=\"172\" height=\"301\" \/><\/td>\n<td><img loading=\"lazy\" decoding=\"async\" src=\"https:\/\/www.comodo.it\/blog\/img\/cms\/abiti-condom\/preservativi_e_moda5.jpg\" alt=\"preservativi e moda\" width=\"208\" height=\"302\" \/><\/td>\n<\/tr>\n<\/tbody>\n<\/table>\n<p style=\"text-align: center;\">*<a href=\"http:\/\/forum.comodo.it\/Forum-Tutto-sulla-sessualit%C3%A0-e-non-solo\" target=\"_blank\" rel=\"noopener noreferrer\">Visita il Forum sulla sessualit\u00e0 di Comodo.it<\/a>*<\/p>\n","protected":false},"excerpt":{"rendered":"<p>Nella capitale italiana della moda sfilano le ultime tendenze, ma sulle passerelle le sorprese non mancano mai&#8230; <\/p>\n","protected":false},"author":3,"featured_media":1004790,"comment_status":"closed","ping_status":"closed","sticky":false,"template":"","format":"standard","meta":{"_acf_changed":false,"footnotes":""},"categories":[93],"tags":[],"class_list":["post-1000434","post","type-post","status-publish","format-standard","has-post-thumbnail","hentry","category-moda-arte-e-preservativi"],"acf":[],"aioseo_notices":[],"_links":{"self":[{"href":"https:\/\/www.comodo.it\/blog\/wp-json\/wp\/v2\/posts\/1000434","targetHints":{"allow":["GET"]}}],"collection":[{"href":"https:\/\/www.comodo.it\/blog\/wp-json\/wp\/v2\/posts"}],"about":[{"href":"https:\/\/www.comodo.it\/blog\/wp-json\/wp\/v2\/types\/post"}],"author":[{"embeddable":true,"href":"https:\/\/www.comodo.it\/blog\/wp-json\/wp\/v2\/users\/3"}],"replies":[{"embeddable":true,"href":"https:\/\/www.comodo.it\/blog\/wp-json\/wp\/v2\/comments?post=1000434"}],"version-history":[{"count":0,"href":"https:\/\/www.comodo.it\/blog\/wp-json\/wp\/v2\/posts\/1000434\/revisions"}],"wp:featuredmedia":[{"embeddable":true,"href":"https:\/\/www.comodo.it\/blog\/wp-json\/wp\/v2\/media\/1004790"}],"wp:attachment":[{"href":"https:\/\/www.comodo.it\/blog\/wp-json\/wp\/v2\/media?parent=1000434"}],"wp:term":[{"taxonomy":"category","embeddable":true,"href":"https:\/\/www.comodo.it\/blog\/wp-json\/wp\/v2\/categories?post=1000434"},{"taxonomy":"post_tag","embeddable":true,"href":"https:\/\/www.comodo.it\/blog\/wp-json\/wp\/v2\/tags?post=1000434"}],"curies":[{"name":"wp","href":"https:\/\/api.w.org\/{rel}","templated":true}]}}