{"id":1016869,"date":"2017-07-14T14:27:31","date_gmt":"2017-07-14T12:27:31","guid":{"rendered":"http:\/\/www.comodo.it\/blog\/?p=1016869"},"modified":"2018-06-04T11:59:14","modified_gmt":"2018-06-04T09:59:14","slug":"gardnerella-sintomi-e-consigli-per-le-donne","status":"publish","type":"post","link":"https:\/\/www.comodo.it\/blog\/gardnerella-sintomi-e-consigli-per-le-donne\/","title":{"rendered":"Gardnerella: sintomi e consigli per le donne"},"content":{"rendered":"<p>Non fatevi ingannare da un nome dal suono dolce e melodioso. Tecnicamente si chiama <em><a href=\"\/blog\/gardnerella-vaginosi-batterica\/\" target=\"_blank\" rel=\"noopener\">Gardnerella Vaginalis<\/a><\/em>, un batterio provocato dallo squilibrio della flora batteria vaginale. Rientra tra le <strong>malattie sessualmente trasmissibili<\/strong> e i motivi in cui si rischia di prenderla possono essere diversi. Il pi\u00f9 comune \u00e8 il sesso non protetto.<\/p>\n<p>L&#8217;attivit\u00e0 sessuale, se troppo intensa e fatta in condizioni non ideali, o se <strong>promiscua<\/strong> e incline al tradimento con pi\u00f9 persone sempre diverse, \u00e8 una delle principali cause. Molti parlano di <strong>stress psicofisico<\/strong>, che in parte pu\u00f2 essere concatenante. Anche una scorretta <strong>igiene intima<\/strong>, come l&#8217;uso eccessivo di prodotti aggressivi e lavande, potrebbe incidere sullo squilibrio della flora batterica vaginale, e quindi sulla proliferazione di microrganismi che causano vaginosi.<\/p>\n<p>I <strong>sintomi<\/strong>: secondo gli esperti, nel 50% dei casi questa malattia \u00e8 assolutamente asintomatica, in altri casi pu\u00f2 succedere che vi sia la presenza di secrezioni bianco-giallastre e maleodoranti.<\/p>\n<p>Conoscere i rischi di contagio sono fondamentali perch\u00e9 ci aiutano a comprendere il valore del sesso protetto. Il preservativo infatti \u00e8 il contraccettivo pi\u00f9 efficace e meno invasivo. E ti aiuta a evitare un sacco problemini&#8230;<\/p>\n<p>Ma ecco una breve <strong>lista da memorizzare<\/strong> in caso di contagio da gardnerella:<\/p>\n<ul>\n<li>Cura l&#8217;alimentazione: frutta, verdura, pochi zuccheri, pochi grassi. Bevi tisane durante tutta la giornata, prova a variare la colazione e a cenare almeno 4 ore prima di andare a letto<\/li>\n<li>Usa mutandine di cotone (possibilmente bianche) ed evita la microfibra e la bincheria intima sintetica<\/li>\n<li>Non indossare pantaloni aderenti o collant<\/li>\n<li>Risciacquati solo con acqua. Quando scegli il sapone, usa la tipologia neutra e non aggressiva<\/li>\n<\/ul>\n","protected":false},"excerpt":{"rendered":"<p>Tecnicamente si chiama Gardnerella Vaginalis, un batterio provocato dallo squilibrio della flora batteria vaginale. Scopri come si manifesta e prevenire<\/p>\n","protected":false},"author":3,"featured_media":1016871,"comment_status":"open","ping_status":"open","sticky":false,"template":"","format":"standard","meta":{"_acf_changed":false,"footnotes":""},"categories":[86],"tags":[196],"class_list":["post-1016869","post","type-post","status-publish","format-standard","has-post-thumbnail","hentry","category-malattie-sessualmente-trasmissibili","tag-donna"],"acf":[],"aioseo_notices":[],"_links":{"self":[{"href":"https:\/\/www.comodo.it\/blog\/wp-json\/wp\/v2\/posts\/1016869","targetHints":{"allow":["GET"]}}],"collection":[{"href":"https:\/\/www.comodo.it\/blog\/wp-json\/wp\/v2\/posts"}],"about":[{"href":"https:\/\/www.comodo.it\/blog\/wp-json\/wp\/v2\/types\/post"}],"author":[{"embeddable":true,"href":"https:\/\/www.comodo.it\/blog\/wp-json\/wp\/v2\/users\/3"}],"replies":[{"embeddable":true,"href":"https:\/\/www.comodo.it\/blog\/wp-json\/wp\/v2\/comments?post=1016869"}],"version-history":[{"count":0,"href":"https:\/\/www.comodo.it\/blog\/wp-json\/wp\/v2\/posts\/1016869\/revisions"}],"wp:featuredmedia":[{"embeddable":true,"href":"https:\/\/www.comodo.it\/blog\/wp-json\/wp\/v2\/media\/1016871"}],"wp:attachment":[{"href":"https:\/\/www.comodo.it\/blog\/wp-json\/wp\/v2\/media?parent=1016869"}],"wp:term":[{"taxonomy":"category","embeddable":true,"href":"https:\/\/www.comodo.it\/blog\/wp-json\/wp\/v2\/categories?post=1016869"},{"taxonomy":"post_tag","embeddable":true,"href":"https:\/\/www.comodo.it\/blog\/wp-json\/wp\/v2\/tags?post=1016869"}],"curies":[{"name":"wp","href":"https:\/\/api.w.org\/{rel}","templated":true}]}}