{"id":1018219,"date":"2017-11-03T12:45:43","date_gmt":"2017-11-03T11:45:43","guid":{"rendered":"https:\/\/www.comodo.it\/blog\/?p=1018219"},"modified":"2017-11-03T12:46:15","modified_gmt":"2017-11-03T11:46:15","slug":"ictus-per-colpa-della-pillola-la-denuncia-di-roberta","status":"publish","type":"post","link":"https:\/\/www.comodo.it\/blog\/ictus-per-colpa-della-pillola-la-denuncia-di-roberta\/","title":{"rendered":"&#8220;Ictus per colpa della pillola&#8221;: La denuncia"},"content":{"rendered":"<p><span style=\"font-size: 14pt;\"><em>Roberta Borin ha 50 anni, \u00e8 madre di due ragazze e lavora come farmacista. Tre anni e mezzo fa \u00e8 stata colpita da un ictus, e lei punta il dito contro la pillola anticoncezionale e denuncia l&#8217;Agenzia italiana del farmaco (Aifa). Ecco la sua intervista su Il Resto del carlino, quotidiano di Bologna.<\/em><\/span><\/p>\n<p>Il<a href=\"http:\/\/www.ilrestodelcarlino.it\/rovigo\/cronaca\/ictus-pillola-anticoncezionale-1.3498253\"> Resto del carlino <\/a>parla del caso di una giovane mamma farmacista e della sua battaglia contro la pillola. La vicenda parte da Rovigo e rischia di creare parecchi problemi in via del Tritone, a Roma, dove si trova la sede nazionale dell\u2019Agenzia italiana del farmaco, l\u2019Aifa. La storia riguarda Roberta Borin, 50 anni, farmacista, madre di due ragazze e moglie del sindaco di Villanova del Ghebbo, Gilberto Desiati. L&#8217;11 febbraio del 2014, Roberta \u00e8 stata colpita da un ictus. Oggi sta meglio, ma, dice, non torner\u00e0 mai come prima a causa della pillola anticoncezionale, dice Roberta.<\/p>\n<blockquote><p>&#8220;Io denuncio senza paura il silenzio dell\u2019Aifa che tiene molto sottotono le relazioni riguardo alle patologie arteriose che la pillola stessa pu\u00f2 provocare. Si ritiene sia basso il rischio di iper-coagulabilit\u00e0 delle arterie. Ma non \u00e8 cos\u00ec&#8221;.<\/p><\/blockquote>\n<p>Leggete la sua intervista con il giornalista Tommaso Moretto.<\/p>\n<p><em><strong>Ieri era la giornata mondiale \u00abLotta all\u2019Ictus\u00bb. Sta lanciando un vero e proprio allarme?<\/strong><\/em><\/p>\n<p>&#8220;S\u00ec. Io ho documentato cinque casi, tre dei quali solo nel 2017 nella nostra Ulss. Li ho segnalati su <em>www.vigifarmaco.it<\/em> che \u00e8 il sito nazionale di farmaco-vigilanza. Vorrei che tutti i medici segnalassero questi casi&#8221;.<\/p>\n<p><em><strong>Pu\u00f2 fare un esempio?<\/strong><\/em><\/p>\n<p>&#8220;Una ragazza di Porto Tolle ha avuto un ictus a 16 anni lo scorso gennaio. Era una ragazza sportiva, faceva pallavolo, cinque allenamenti a settimana pi\u00f9 partita. E prendeva la pillola. Una di quelle di quarta generazione. Le pi\u00f9 pericolose sono quelle di terza e quarta generazione&#8221;.<\/p>\n<p><strong><em>Ritiene che la causa sia stata proprio la pillola anticoncenzionale?<\/em><\/strong><\/p>\n<p>&#8220;Esiste una bibliografia di articoli scientifici internazionali che parlano del rischio di avere un ictus, embolia polmonare e infarto legato all&#8217;utilizzo dei contraccettivi combinati, cio\u00e8 la pillola, l\u2019anello vaginale ed il cerotto transdermico&#8221;.<\/p>\n<p><strong><em>Perch\u00e9 dice che l\u2019Aifa tiene \u00absottotono\u00bb gli studi?<\/em><\/strong><\/p>\n<p>&#8220;Perch\u00e9 non si tratta di un farmaco solo ma di una categoria. Ormai le pillole di terza e quarta generazione sono tantissime. Vorrebbe dire togliere dal mercato decine di farmaci e andare contro interessi economici enormi delle case farmaceutiche&#8221;.<\/p>\n<p><strong><em>Cosa le \u00e8 successo quell\u201911 febbraio del 2014?<\/em><\/strong><\/p>\n<p>&#8220;Mi \u00e8 capitato all\u2019improvviso. Il giorno prima stavo benissimo. La sera sono uscita con alcune amiche. Mi sono svegliata alle 5,30 del mattino con met\u00e0 corpo paralizzato. Mio marito ha chiamato subito il 118 e la fortuna pi\u00f9 grande \u00e8 che abbiamo una stroke unit a Rovigo. Se mi fosse capitato ad Adria avrebbero perso del tempo. Villanova del Ghebbo invece \u00e8 vicina. Quando sono arrivata al pronto soccorso c\u2019era il neurologo&#8221;.<\/p>\n<p><em><strong>Adesso sta bene?<\/strong><\/em><\/p>\n<p>&#8220;Ho recuperato molto ma mi \u00e8 rimasto un deficit sensitivo. Mi manca la sensibilit\u00e0 nella parte sinistra del corpo, al tatto, al dolore, al calore e al freddo&#8221;.<\/p>\n<p><em><strong>Torner\u00e0 come prima?<\/strong><\/em><\/p>\n<p>&#8220;No, mai pi\u00f9. Ho fatto tantissime indagini. E nessuno ha detto che potr\u00f2 recuperare. Io lavoro ancora perch\u00e9 faccio fisioterapia a casa&#8221;.<\/p>\n<h3>Perch\u00e9 usare il Preservativo?<\/h3>\n<p>Il profilattico \u00e8 il contraccettivo <strong>sicuro al 99,9%<\/strong>, non invasivo per l&#8217;orgasmo (a differenza di altri contraccettivi) e disponibile in diverse taglie, forme, colori. Oggi le aziende che producono preservativi propongono innumerevoli tipologie di condom realizzate per soddisfare ogni tipo di esigenza, dai <strong><a href=\"\/marche\/preservativo\/mrcomodo\/38\">preservativi in resina mrComodo<\/a><\/strong>, super sottili e senza lattice, ai preservativi fatti su misura come i <strong>My.Size<\/strong>. Ricordiamo che scegliere la misura giusta del preservativo \u00e8 importante affinch\u00e9 si possano evitare incidenti spiacevoli, come la rottura del profilattico o il fatto che possa sfilarsi.<\/p>\n<img loading=\"lazy\" decoding=\"async\" class=\"wp-image-1017822 size-full aligncenter\" src=\"https:\/\/www.comodo.it\/blog\/wp-content\/uploads\/2017\/10\/presevativi-anallergici-resina-mr-comodo_3.jpg\" alt=\"Preservativi Anallergici in Resina Mr Comodo\" width=\"828\" height=\"325\" srcset=\"https:\/\/www.comodo.it\/blog\/wp-content\/uploads\/2017\/10\/presevativi-anallergici-resina-mr-comodo_3.jpg 828w, https:\/\/www.comodo.it\/blog\/wp-content\/uploads\/2017\/10\/presevativi-anallergici-resina-mr-comodo_3-600x236.jpg 600w, https:\/\/www.comodo.it\/blog\/wp-content\/uploads\/2017\/10\/presevativi-anallergici-resina-mr-comodo_3-768x301.jpg 768w\" sizes=\"auto, (max-width: 828px) 100vw, 828px\" \/>\n<p>Per di pi\u00f9, gi\u00e0 a partire dal nostro sito e-commerce Comodo.it, il preservativo pu\u00f2 essere acquistato online con la consulenza del servizio clienti disponibile in chat direttamente dalla nostra homepage. Una volta effettuato l&#8217;ordine, il pacco arriver\u00e0 in forma anonima entro le <strong>24\/48 ore<\/strong> successive. Per consultare le marche disponibili sul nostro<a href=\"\/marche\"> shop online clicca qui<\/a><\/p>\n","protected":false},"excerpt":{"rendered":"<p>Roberta Borin punta il dito contro la pillola anticoncezionale e denuncia l&#8217;Agenzia italiana del farmaco<\/p>\n","protected":false},"author":3,"featured_media":1018221,"comment_status":"closed","ping_status":"open","sticky":false,"template":"","format":"standard","meta":{"_acf_changed":false,"footnotes":""},"categories":[79],"tags":[420,327,418,142,419,417],"class_list":["post-1018219","post","type-post","status-publish","format-standard","has-post-thumbnail","hentry","category-contraccezione","tag-la-pillola-fa-male","tag-mrcomodo","tag-pillola-anticoncezionale","tag-preservativo","tag-preservativo-in-resina","tag-roberta-borin"],"acf":[],"aioseo_notices":[],"_links":{"self":[{"href":"https:\/\/www.comodo.it\/blog\/wp-json\/wp\/v2\/posts\/1018219","targetHints":{"allow":["GET"]}}],"collection":[{"href":"https:\/\/www.comodo.it\/blog\/wp-json\/wp\/v2\/posts"}],"about":[{"href":"https:\/\/www.comodo.it\/blog\/wp-json\/wp\/v2\/types\/post"}],"author":[{"embeddable":true,"href":"https:\/\/www.comodo.it\/blog\/wp-json\/wp\/v2\/users\/3"}],"replies":[{"embeddable":true,"href":"https:\/\/www.comodo.it\/blog\/wp-json\/wp\/v2\/comments?post=1018219"}],"version-history":[{"count":0,"href":"https:\/\/www.comodo.it\/blog\/wp-json\/wp\/v2\/posts\/1018219\/revisions"}],"wp:featuredmedia":[{"embeddable":true,"href":"https:\/\/www.comodo.it\/blog\/wp-json\/wp\/v2\/media\/1018221"}],"wp:attachment":[{"href":"https:\/\/www.comodo.it\/blog\/wp-json\/wp\/v2\/media?parent=1018219"}],"wp:term":[{"taxonomy":"category","embeddable":true,"href":"https:\/\/www.comodo.it\/blog\/wp-json\/wp\/v2\/categories?post=1018219"},{"taxonomy":"post_tag","embeddable":true,"href":"https:\/\/www.comodo.it\/blog\/wp-json\/wp\/v2\/tags?post=1018219"}],"curies":[{"name":"wp","href":"https:\/\/api.w.org\/{rel}","templated":true}]}}