{"id":1021531,"date":"2018-08-30T00:50:03","date_gmt":"2018-08-29T22:50:03","guid":{"rendered":"https:\/\/www.comodo.it\/blog\/?p=1021531"},"modified":"2018-08-29T07:49:46","modified_gmt":"2018-08-29T05:49:46","slug":"abbiamo-perso-due-centimetri-in-un-secolo-pene-degli-italiani-sempre-piu-piccolo","status":"publish","type":"post","link":"https:\/\/www.comodo.it\/blog\/abbiamo-perso-due-centimetri-in-un-secolo-pene-degli-italiani-sempre-piu-piccolo\/","title":{"rendered":"Abbiamo perso due centimetri in un secolo: pene degli italiani sempre pi\u00f9 piccolo"},"content":{"rendered":"<p>E che fine mai avranno fatto quei centimetri persi nel tempo?<\/p>\n<p>Non ha basi scientifiche, ma l&#8217;analisi pubblicata qualche tempo fa dal quotidiano inglese The Telegraph, ha spaventato tanti maschietti orgogliosi mettendoli di fronte ad un imbarazzante dato di fatto: <strong>nell&#8217;ultimo secolo l&#8217;organo sessuale maschile si sarebbe accorciato di due centimetri.<\/strong><\/p>\n<p>Gi\u00e0 nel 2013 uno studio sulle caratteristiche antropometriche di pene e testicoli dei maschi italiani a cura del Servizio per la patologia della riproduzione umana dell\u2019Universit\u00e0 di Padova aveva individuato un rattrappimento generalizzato delle taglie: il pene degli italiani, dal 1948 al 2013, secondo le stime di eminenti studiosi, si era accorciato di quasi 1 cm, passando dai 9,7 cm agli 8,9 di lunghezza. Meglio non raccontare ai propri nonni i frutti dell&#8217;amara constatazione: nonostante la guerra e il post guerra, con quante ne avevano vissute e sopportate, potevano considerarsi, et\u00e0 considerata, pi\u00f9 virili e in forma\u00a0 dei giovani vissuti nell&#8217;era del benessere a portata di click.<\/p>\n<p>Dove sono finiti quei due centimetri persi in un secolo? La causa dell&#8217;accorciamento del pene sarebbe da attribuire proprio al benessere: alle <strong>malattie croniche<\/strong> che influiscono sulla frequenza delle erezioni, all&#8217;<strong>effetto femminilizzante degli estrogeni<\/strong> di cui sono ricchi tanti alimenti moderni, tra cui la carne rossa che finisce ogni giorno sulle nostre tavole, <strong>all&#8217;obesit\u00e0 infantile<\/strong>, che influisce negativamente sulla produzione di ormoni nell&#8217;et\u00e0 dello sviluppo.<\/p>\n<p>Prima di entrare nel panico, maschietti, sappiate per\u00f2 una cosa: la misurazione della lunghezza del pene non ha mai avuto veri e propri standard, n\u00e9 accordi internazionali. Cos\u00ec potrebbe anche essere accaduto che mentre un tempo le misure erano prese da un punto all&#8217;altro, nel tempo le convenzioni siano cambiate. E poi c&#8217;\u00e8 chi misura il pene quando \u00e8 flaccido, chi quando in erezione, consapevole che le cose possono cambiare fortemente e che esistono stadi intermedi, tra l&#8217;uno e l&#8217;altro stato, in grado di produrre significative variazioni.<\/p>\n<p>Caldo, freddo, umore, preoccupazioni, impercettibili imbarazzi e sensazioni di disagio avrebbero effetto immediato sulle dimensioni, che nel corso di una stessa giornata, a seconda del contesto e dello stato di salute, potrebbero cambiare anche pi\u00f9 volte senza preavvisi n\u00e9 sintomi che si fanno percepire. E poi&#8230; non sono le dimensioni quelle che contano, non \u00e8 vero?<\/p>\n","protected":false},"excerpt":{"rendered":"<p>Il pene dei nostri nonni misurava almeno un cm in pi\u00f9 della media di quelli attuali. Maschi preoccupati? C&#8217;\u00e8 una consolazione. Quale? Leggete fino in fondo<\/p>\n","protected":false},"author":3,"featured_media":1022097,"comment_status":"closed","ping_status":"open","sticky":false,"template":"","format":"standard","meta":{"_acf_changed":false,"footnotes":""},"categories":[169],"tags":[],"class_list":["post-1021531","post","type-post","status-publish","format-standard","has-post-thumbnail","hentry","category-patologie-del-pene-e-dei-testicoli"],"acf":[],"aioseo_notices":[],"_links":{"self":[{"href":"https:\/\/www.comodo.it\/blog\/wp-json\/wp\/v2\/posts\/1021531","targetHints":{"allow":["GET"]}}],"collection":[{"href":"https:\/\/www.comodo.it\/blog\/wp-json\/wp\/v2\/posts"}],"about":[{"href":"https:\/\/www.comodo.it\/blog\/wp-json\/wp\/v2\/types\/post"}],"author":[{"embeddable":true,"href":"https:\/\/www.comodo.it\/blog\/wp-json\/wp\/v2\/users\/3"}],"replies":[{"embeddable":true,"href":"https:\/\/www.comodo.it\/blog\/wp-json\/wp\/v2\/comments?post=1021531"}],"version-history":[{"count":0,"href":"https:\/\/www.comodo.it\/blog\/wp-json\/wp\/v2\/posts\/1021531\/revisions"}],"wp:featuredmedia":[{"embeddable":true,"href":"https:\/\/www.comodo.it\/blog\/wp-json\/wp\/v2\/media\/1022097"}],"wp:attachment":[{"href":"https:\/\/www.comodo.it\/blog\/wp-json\/wp\/v2\/media?parent=1021531"}],"wp:term":[{"taxonomy":"category","embeddable":true,"href":"https:\/\/www.comodo.it\/blog\/wp-json\/wp\/v2\/categories?post=1021531"},{"taxonomy":"post_tag","embeddable":true,"href":"https:\/\/www.comodo.it\/blog\/wp-json\/wp\/v2\/tags?post=1021531"}],"curies":[{"name":"wp","href":"https:\/\/api.w.org\/{rel}","templated":true}]}}