{"id":1021671,"date":"2018-07-02T00:01:30","date_gmt":"2018-07-01T22:01:30","guid":{"rendered":"https:\/\/www.comodo.it\/blog\/?p=1021671"},"modified":"2018-07-02T09:25:24","modified_gmt":"2018-07-02T07:25:24","slug":"comodo-allo-storico-gay-pride-di-bari-del-2003","status":"publish","type":"post","link":"https:\/\/www.comodo.it\/blog\/comodo-allo-storico-gay-pride-di-bari-del-2003\/","title":{"rendered":"Comodo allo storico Gay Pride di Bari del 2003"},"content":{"rendered":"<p>Chi \u00e8 pugliese o pi\u00f9 in genere meridionale e ha superato i 20 anni di et\u00e0 non potr\u00e0 non ricordarlo. Il <strong>Gay pride del 2003<\/strong> fu un evento talmente chiacchierato, talmente complicato, talmente innovativo per il sud conservatore che ancora oggi la sua cassa di risonanza \u00e8 di portata sovranazionale.<\/p>\n<p>Una voce su Wikipedia e sull&#8217;enciclopedia LGBT italiana ricorda che il Bari Pride fu preceduto da un dibattito piuttosto acceso tra i collettivi romani da una parte, che non vedevano che Roma come citt\u00e0 vocata all&#8217;accoglienza del Pride nazionale, e il il movimento lgbt italiano dall&#8217;altra che desiderava invece proseguire nella tradizione dell\u2019evento itinerante.<\/p>\n<p>Anche l\u2019organizzazione dell\u2019evento fu molto travagliata, osteggiata da gruppi di estrema destra con propaggini nelle forze dell\u2019ordine al punto che persino il presidente, Michele Bellomo, fin\u00ec per essere aggredito e picchiato. Dovette ricorrere, per i due anni successivi, ad una scorta.<\/p>\n<p>Ma la risposta della citt\u00e0 di Bari e in generale della Puglia, che concesse il patrocinio all\u2019iniziativa (presidente, Raffaele Fitto, in quota a Forza Italia) valse i sacrifici. Massiva, corale, straordinaria. <strong>Il 6 giugno 2003 fu l\u2019inizio della Primavera Pugliese.<\/strong><\/p>\n<img loading=\"lazy\" decoding=\"async\" class=\" wp-image-1021438 aligncenter\" src=\"https:\/\/www.comodo.it\/blog\/wp-content\/uploads\/2018\/06\/IMG_2596.jpg\" alt=\"\" width=\"698\" height=\"984\" srcset=\"https:\/\/www.comodo.it\/blog\/wp-content\/uploads\/2018\/06\/IMG_2596-425x600.jpg 425w, https:\/\/www.comodo.it\/blog\/wp-content\/uploads\/2018\/06\/IMG_2596-768x1083.jpg 768w, https:\/\/www.comodo.it\/blog\/wp-content\/uploads\/2018\/06\/IMG_2596-726x1024.jpg 726w, https:\/\/www.comodo.it\/blog\/wp-content\/uploads\/2018\/06\/IMG_2596-1280x1805.jpg 1280w\" sizes=\"auto, (max-width: 698px) 100vw, 698px\" \/>\n<p>In tanti marciarono in lungo e in largo per il capoluogo della Puglia, riversandosi in strada a ritmo di musica, per affermare il diritto ad esprimere la propria libert\u00e0 sessuale senza pregiudizi.<\/p>\n<img loading=\"lazy\" decoding=\"async\" class=\" wp-image-1021672 aligncenter\" src=\"https:\/\/www.comodo.it\/blog\/wp-content\/uploads\/2018\/06\/gay-pride-2003-bari.jpg\" alt=\"\" width=\"669\" height=\"448\" srcset=\"https:\/\/www.comodo.it\/blog\/wp-content\/uploads\/2018\/06\/gay-pride-2003-bari.jpg 800w, https:\/\/www.comodo.it\/blog\/wp-content\/uploads\/2018\/06\/gay-pride-2003-bari-600x402.jpg 600w, https:\/\/www.comodo.it\/blog\/wp-content\/uploads\/2018\/06\/gay-pride-2003-bari-768x515.jpg 768w\" sizes=\"auto, (max-width: 669px) 100vw, 669px\" \/>\n<p>La socio semiologa Claudia Attimonelli ricorda cos\u00ec la big date: &lt;&lt;Fu in quel lungo giorno festoso e assolato, al quale segu\u00ec una notte di balli lungo la litoranea di Torre a Mare, che la citt\u00e0 e i suoi abitanti iniziarono a sognare un modo di diverso di essere persone, al di l\u00e0 dell&#8217;identit\u00e0 di genere del singolo, per la prima volta si resero visibili istanze, diritti, desideri che sono stati, proprio grazie all&#8217;esperienza di quel Pride barese, al centro di dibattiti politici negli anni a venire.&gt;&gt;<\/p>\n<p><strong>Comodo.it c\u2019era. E non solo tra gli spettatori.<\/strong><\/p>\n<p>Fu quella l\u2019occasione per presentare la sua prima mostra fotografica sul preservativo, a termine della prima edizione del concorso \u201c<strong>Il preservativo \u00e8\u2026Comodo!<\/strong>\u201d<\/p>\n<p>La giuria, presieduta da quel chiacchierato Michele Bellomo che stava ingaggiando la sua battaglia di civilt\u00e0, era composta in prevalenza da fotografi professionisti. Tra gli organizzatori, oltre allo staff di Comodo.it, figuravano la Galleria Arti Visive e l\u2019Associazione Culturale Italo Francese &#8211; Alliance fran\u00e7aise di Bari, solida realt\u00e0 del capoluogo che dal 1995 cura i rapporti culturali tra l\u2019Italia meridionale e la Francia sotto tutti gli aspetti.<br \/>\n\u201cIl concorso \u00e8 una sfida a quanti sapranno interpretare ed esprimere con ironia, consapevolezza e abilit\u00e0 fotografica l\u2019immagine, il ruolo e l\u2019uso del preservativo\u201d si scriveva nel bando di gara, a partecipazione libera e gratuita.<\/p>\n<p>Dal 31 maggio al 15 giugno, la galleria Arti Visive di Bari accolse tutte le foto dei partecipanti, tra cui quella del vincitore, il romano <strong>Diego Fioravanti con l\u2019opera \u201cVolesse il cielo\u201d<\/strong>. L\u2019opera, raffigurante un giovane parroco con la mano tesa a donare un preservativo ai suoi fedeli, divent\u00f2 la locandina, perfettamente a tema anche con il dibattito tra LGBT e Chiesa, dell\u2019intera mostra. Per il fotografo classe 1975, in seguito sempre pi\u00f9 vicino alle tematiche dell\u2019erotismo in tutte le sfumature, quel concorso rappresent\u00f2 solo il primo passo di una carriera tuttora brillante al servizio dell\u2019arte e della pubblicit\u00e0.<\/p>\n<img loading=\"lazy\" decoding=\"async\" class=\" wp-image-1021452 aligncenter\" src=\"https:\/\/www.comodo.it\/blog\/wp-content\/uploads\/2018\/06\/volesse-il-cielo.jpg\" alt=\"\" width=\"401\" height=\"620\" srcset=\"https:\/\/www.comodo.it\/blog\/wp-content\/uploads\/2018\/06\/volesse-il-cielo.jpg 656w, https:\/\/www.comodo.it\/blog\/wp-content\/uploads\/2018\/06\/volesse-il-cielo-388x600.jpg 388w\" sizes=\"auto, (max-width: 401px) 100vw, 401px\" \/>\n<p>Gli organizzatori del Gay Pride, da sempre impegnati nella lotta all\u2019AIDS, ne furono grati e soddisfatti.<br \/>\nLa mostra in seguito divent\u00f2 itinerante, a disposizione di quanti vollero utilizzarla come \u201cmezzo alternativo\u201d per parlare di preservativo. Sebbene il tema della contraccezione non fosse pi\u00f9 scandaloso, nascondere il rischio, per tutti, era pi\u00f9 comodo che prevenirlo.<\/p>\n<p>&nbsp;<\/p>\n","protected":false},"excerpt":{"rendered":"<p>Chi \u00e8 pugliese o pi\u00f9 in genere meridionale e ha superato i 20 anni di et\u00e0 non potr\u00e0 non ricordarlo. Il Gay pride del 2003 fu un evento talmente chiacchierato, talmente complicato, talmente innovativo per il sud conservatore che ancora oggi la sua cassa di risonanza \u00e8 di portata sovranazionale. Una voce su Wikipedia e [&hellip;]<\/p>\n","protected":false},"author":3,"featured_media":1021460,"comment_status":"closed","ping_status":"open","sticky":false,"template":"","format":"standard","meta":{"_acf_changed":false,"footnotes":""},"categories":[721],"tags":[],"class_list":["post-1021671","post","type-post","status-publish","format-standard","has-post-thumbnail","hentry","category-storia-di-comodo-it"],"acf":[],"aioseo_notices":[],"_links":{"self":[{"href":"https:\/\/www.comodo.it\/blog\/wp-json\/wp\/v2\/posts\/1021671","targetHints":{"allow":["GET"]}}],"collection":[{"href":"https:\/\/www.comodo.it\/blog\/wp-json\/wp\/v2\/posts"}],"about":[{"href":"https:\/\/www.comodo.it\/blog\/wp-json\/wp\/v2\/types\/post"}],"author":[{"embeddable":true,"href":"https:\/\/www.comodo.it\/blog\/wp-json\/wp\/v2\/users\/3"}],"replies":[{"embeddable":true,"href":"https:\/\/www.comodo.it\/blog\/wp-json\/wp\/v2\/comments?post=1021671"}],"version-history":[{"count":0,"href":"https:\/\/www.comodo.it\/blog\/wp-json\/wp\/v2\/posts\/1021671\/revisions"}],"wp:featuredmedia":[{"embeddable":true,"href":"https:\/\/www.comodo.it\/blog\/wp-json\/wp\/v2\/media\/1021460"}],"wp:attachment":[{"href":"https:\/\/www.comodo.it\/blog\/wp-json\/wp\/v2\/media?parent=1021671"}],"wp:term":[{"taxonomy":"category","embeddable":true,"href":"https:\/\/www.comodo.it\/blog\/wp-json\/wp\/v2\/categories?post=1021671"},{"taxonomy":"post_tag","embeddable":true,"href":"https:\/\/www.comodo.it\/blog\/wp-json\/wp\/v2\/tags?post=1021671"}],"curies":[{"name":"wp","href":"https:\/\/api.w.org\/{rel}","templated":true}]}}