{"id":1021719,"date":"2018-07-09T00:01:39","date_gmt":"2018-07-08T22:01:39","guid":{"rendered":"https:\/\/www.comodo.it\/blog\/?p=1021719"},"modified":"2018-07-02T09:36:58","modified_gmt":"2018-07-02T07:36:58","slug":"il-preservativo-e-comodo-come-comodo-ingaggio-larte-nella-battaglia-per-la-prevenzione","status":"publish","type":"post","link":"https:\/\/www.comodo.it\/blog\/il-preservativo-e-comodo-come-comodo-ingaggio-larte-nella-battaglia-per-la-prevenzione\/","title":{"rendered":"\u201cIl preservativo \u00e8 \u2026 Comodo\u201d: come Comodo ingaggi\u00f2 l\u2019arte nella battaglia per la prevenzione"},"content":{"rendered":"<p>Se il Gay Pride del 2003 fece da apripista, i concorsi di Comodo.it ebbero vita parallela ben pi\u00f9 lunga.<\/p>\n<p>Ormai il sito si era fatto un nome ovunque: tra le associazioni impegnate nella lotta all\u2019AIDS, in ambito artistico e in tutte le realt\u00e0 frequentate dai giovani che iniziavano a capire quanto fosse importante il messaggio lanciato da Massimo Valente &amp; Co.<\/p>\n<p>Comodo.it intendeva sperimentare ogni forma d\u2019arte e si sarebbe impegnato per fare in modo che quanti pi\u00f9 creativi possibile, venissero ingaggiati nella sua missione.<\/p>\n<p>Nel 2004 il concorso fu dedicato alla realizzazione di t-shirt. Centinaia le opere che arrivarono negli uffici di Comodo.it tra cui la giuria scelse la pi\u00f9 semplice: una maglia, che grazie al contributo di Lila, sarebbe diventata la t-shirt dell\u2019anno 2005 in grado di sfruttare un gesto naturale come quello di ricordarsi l\u2019ombrello in ottica preventiva.<\/p>\n<img loading=\"lazy\" decoding=\"async\" class=\"size-full wp-image-1021720 aligncenter\" src=\"https:\/\/www.comodo.it\/blog\/wp-content\/uploads\/2018\/07\/concorso.jpg\" alt=\"\" width=\"450\" height=\"248\" \/>\n<p>L\u2019anno 2005, quello della terza edizione del concorso \u201cIl preservativo \u00e8\u2026 Comodo\u201d, segn\u00f2 un primo cambio di rotta: il concorso fu realizzato con il patrocinio culturale dell\u2019Anonima Fumetti (l\u2019Associazione Italiana Professionisti del Fumetto) e rivolto a vignettisti e fumettisti di tutta Italia.<\/p>\n<p>L\u2019obiettivo, questa volta, era quello di coinvolgere artisti ma anche scolaresche, che difatti parteciparono, pur con tante remore, all&#8217;iniziativa. Per la prima volta, in un contesto chiuso e refrattario all&#8217;educazione sessuale, qualche dirigente illuminato pens\u00f2 di togliersi quell&#8217;armatura di pudore che ancora oggi \u00e8 il peggior male della consapevolezza sessuale. Il Liceo Statale \u201cG. Leopardi- E. Majorana\u201d di Pordenone, aggiudicandosi il premio speciale per la miglior vignetta della sezione \u201cScuole\u201d, rimarr\u00e0 nella storia come la prima scuola ad aver affrontato, con il giusto piglio, il tema della prevenzione sessuale.<\/p>\n<p><strong>Tra gli artisti, i gradini pi\u00f9 alti del podio, ancora una volta, andarono alla capitale e al nord Italia: il fumettista romano Diego Farina<\/strong><\/p>\n<p><a href=\"\/blog\/galleria-fumetti-concorso-vignette-e-fumetti\/\" target=\"_blank\" rel=\"noopener\"><img loading=\"lazy\" decoding=\"async\" class=\"size-full wp-image-1021722 alignleft\" src=\"https:\/\/www.comodo.it\/blog\/wp-content\/uploads\/2018\/07\/concorso2.jpg\" alt=\"\" width=\"488\" height=\"700\" srcset=\"https:\/\/www.comodo.it\/blog\/wp-content\/uploads\/2018\/07\/concorso2.jpg 488w, https:\/\/www.comodo.it\/blog\/wp-content\/uploads\/2018\/07\/concorso2-418x600.jpg 418w\" sizes=\"auto, (max-width: 488px) 100vw, 488px\" \/><\/a><\/p>\n<p>vinse la categoria Vignette con l\u2019opera \u201cLa prevenzione \u00e8 importante.. godetevi l\u2019amore senza problemi\u201d, l\u2019opera dell\u2019illustratore\u00a0<strong>Massimo Basili<\/strong>\u00a0\u201cLatex salvificus\u201d conquist\u00f2 invece il gradino pi\u00f9 alto della categoria Fumetti.<\/p>\n<p><a href=\"https:\/\/www.comodo.it\/blog\/galleria-concorso-fotografico-2013\/\">https:\/\/www.comodo.it\/blog\/galleria-concorso-fotografico-2013\/<\/a><\/p>\n<p>Negli anni successivi Comodo.it ha continuato a sperimentarsi in nuove interessanti amicizie.<\/p>\n<p>La quarta edizione del concorso fu all\u2019insegna del web (agli utenti si chiedeva di realizzare un web banner animato) e sanc\u00ec l\u2019inizio della collaborazione con Sieropositivo.it e Clps (Coordinamento Ligure Persone Sieropositive); la quinta, realizzata con la preziosa partnership di Cooming Soon e della FICC &#8211; la Federazione Italiana Circoli del Cinema &#8211; mise alla prova esperti di animazione e cinema con la realizzazione di uno spot. A valutare le opere in gara fu una giuria presieduta da Pippo Mezzapesa, regista emergente del panorama cinematografico italiano e vincitore del David di Donatello 2004 con il cortometraggio Zinan\u00e0.<\/p>\n<p>Nel 2013 Comodo.it scelse di tornare alla fotografia, per vedere che effetto avrebbe fatto 10 anni dopo. Si opt\u00f2, questa volta, per una giuria esclusivamente popolare, fatta di internauti, di affezionati clienti e novelli frequentatori di Comodo.it. L\u2019idea era semplice: poich\u00e9 la rete \u00e8 ormai una second life per tanti ed \u00e8 qui che Comodo.it ha casa, \u00e8 giusto confinare al www l\u2019intero concorso.<\/p>\n<p>Le <a href=\"\/blog\/galleria-concorso-fotografico-2013\/\" target=\"_blank\" rel=\"noopener\">opere fotografiche<\/a>, pubblicate in digitale sul sito di Comodo.it, erano molto diverse da quelle della prima edizione. Si trattava di foto scattate con i cellulari, con fotocamere digitali di prima generazione, da utenti comuni che in rari casi conoscevano le virt\u00f9 di Photoshop. Poco professionismo, molta passione: esattamente come nella vita reale sotto le lenzuola. Ancora una volta, l\u2019idea era stata vincente.<\/p>\n<p>L\u2019esposizione finale fu realizzata in varie citt\u00e0 d\u2019Italia in occasione dell\u20191 Dicembre, Giornata mondiale della lotta all\u2019AIDS.<\/p>\n<p style=\"text-align: left;\">Vi riproponiamo l\u2019intervista che, nell\u2019occasione, la redazione dell\u2019emittente pugliese Telenorba realizz\u00f2 a Massimo Valente:<\/p>\n<p style=\"text-align: center;\"><iframe loading=\"lazy\" src=\"https:\/\/www.youtube.com\/embed\/73y8REjsqZ4\" width=\"560\" height=\"315\" frameborder=\"0\" allowfullscreen=\"allowfullscreen\"><\/iframe><\/p>\n","protected":false},"excerpt":{"rendered":"<p>Se il Gay Pride del 2003 fece da apripista, i concorsi di Comodo.it ebbero vita parallela ben pi\u00f9 lunga. Ormai il sito si era fatto un nome ovunque: tra le associazioni impegnate nella lotta all\u2019AIDS, in ambito artistico e in tutte le realt\u00e0 frequentate dai giovani che iniziavano a capire quanto fosse importante il messaggio [&hellip;]<\/p>\n","protected":false},"author":3,"featured_media":1021461,"comment_status":"closed","ping_status":"open","sticky":false,"template":"","format":"standard","meta":{"_acf_changed":false,"footnotes":""},"categories":[721],"tags":[],"class_list":["post-1021719","post","type-post","status-publish","format-standard","has-post-thumbnail","hentry","category-storia-di-comodo-it"],"acf":[],"aioseo_notices":[],"_links":{"self":[{"href":"https:\/\/www.comodo.it\/blog\/wp-json\/wp\/v2\/posts\/1021719","targetHints":{"allow":["GET"]}}],"collection":[{"href":"https:\/\/www.comodo.it\/blog\/wp-json\/wp\/v2\/posts"}],"about":[{"href":"https:\/\/www.comodo.it\/blog\/wp-json\/wp\/v2\/types\/post"}],"author":[{"embeddable":true,"href":"https:\/\/www.comodo.it\/blog\/wp-json\/wp\/v2\/users\/3"}],"replies":[{"embeddable":true,"href":"https:\/\/www.comodo.it\/blog\/wp-json\/wp\/v2\/comments?post=1021719"}],"version-history":[{"count":0,"href":"https:\/\/www.comodo.it\/blog\/wp-json\/wp\/v2\/posts\/1021719\/revisions"}],"wp:featuredmedia":[{"embeddable":true,"href":"https:\/\/www.comodo.it\/blog\/wp-json\/wp\/v2\/media\/1021461"}],"wp:attachment":[{"href":"https:\/\/www.comodo.it\/blog\/wp-json\/wp\/v2\/media?parent=1021719"}],"wp:term":[{"taxonomy":"category","embeddable":true,"href":"https:\/\/www.comodo.it\/blog\/wp-json\/wp\/v2\/categories?post=1021719"},{"taxonomy":"post_tag","embeddable":true,"href":"https:\/\/www.comodo.it\/blog\/wp-json\/wp\/v2\/tags?post=1021719"}],"curies":[{"name":"wp","href":"https:\/\/api.w.org\/{rel}","templated":true}]}}