{"id":1022960,"date":"2018-11-29T00:54:45","date_gmt":"2018-11-28T23:54:45","guid":{"rendered":"https:\/\/www.comodo.it\/blog\/?p=1022960"},"modified":"2019-03-19T12:28:36","modified_gmt":"2019-03-19T11:28:36","slug":"giornata-mondiale-della-lotta-contro-laids-vip-star-dj-e-locali-notturni-scendono-in-campo","status":"publish","type":"post","link":"https:\/\/www.comodo.it\/blog\/giornata-mondiale-della-lotta-contro-laids-vip-star-dj-e-locali-notturni-scendono-in-campo\/","title":{"rendered":"Giornata mondiale della lotta contro l\u2019Aids: vip, star, dj e locali notturni scendono in campo"},"content":{"rendered":"<p>&nbsp;<\/p>\n<p style=\"font-weight: 400;\">Sar\u00e0 un \u201csabato italiano\u201d che ci render\u00e0 orgogliosi, quello dell\u20191 dicembre prossimo. In occasione della Giornata mondiale per la lotta contro l\u2019Aids, saranno in tanti a metterci la faccia, per sensibilizzare al sesso sicuro e all\u2019uso del profilattico, il cui mancato utilizzo \u00e8 oggi la prima causa in assoluto di contagio da HIV.<\/p>\n<p style=\"font-weight: 400;\">A quanto dichiara\u00a0 l\u2019Organizzazione mondiale della Sanit\u00e0, la sua diffusione non \u00e8 di molto inferiore a quella di trenta anni fa. Per questol\u20191 dicembre continua ad essere una data importante, che tutto il mondo \u2013 soprattutto quello della sanit\u00e0, delle star, dei personaggi in vista e dell\u2019informazione &#8211; celebra mettendoci la faccia.<\/p>\n<p style=\"font-weight: 400;\">Tra le iniziative pi\u00f9 significative del 2018, l\u2019 <strong>#AIDSISNOTDEAD<\/strong>, lanciata come ogni anno dal brand di hair styling <strong>ContestaRockHair<\/strong> sui social in tutti i saloni del brand nel mondo. Protagonisti della campagna in favore della<strong> LILA &#8211; Lega Italiana della Lotta contro l&#8217;AIDS<\/strong> &#8211; \u00a0talenti emergenti del cinema e della musica italiana, tra cui gli attori <strong>Michele Riondino e Lorena Cesarini,<\/strong> il cantautore romano <strong>Gazzelle, L I M, Ramiro Levy e Daniel Plentz dei Selton<\/strong>, tutti ritratti con condom in mano e t-shirt bianca dal fotografo Matteo Casilli. Per tutto il mese di dicembre\u00a0 sui canali online e nei beauty store ContestaRockHair sar\u00e0 invece possibile, in cambio di preservativi gratuiti, contribuire alla raccolta fondi per LILA, la pi\u00f9 importante realt\u00e0 nazionale nel campo della lotta all\u2019AIDS. In prima linea da oltre trent&#8217;anni sul tema della prevenzione dal virus HIV, LILA \u00e8 stata anche una delle prime organizzazioni a parlare di profilattico sui media.<\/p>\n<p style=\"font-weight: 400;\"><img loading=\"lazy\" decoding=\"async\" class=\"alignleft wp-image-1022962\" src=\"https:\/\/www.comodo.it\/blog\/wp-content\/uploads\/2018\/11\/ANL_001_18_Jackal-Instagram-1.0-630x1024.jpg\" alt=\"\" width=\"392\" height=\"637\" \/>L\u2019<strong>Anlaids, Associazione Nazionale per la Lotta contro l&#8217;Aids,<\/strong> ha invece avviato in 14 grande citt\u00e0 italiane, una campagna di affissioni, che per tutto il mese di dicembre si servir\u00e0 dei volti di<strong> Tiziano Ferro, Fabio Volo, Giorgio Panariello, Maria Pia Calzone, Rudy Zerbi e i The Jackal, le influencer Giulia Valentina e Paola Turani,<\/strong> per dire stop all\u2019AIDS.<\/p>\n<p>L\u2019invito, questa volta, \u00e8 non solo a proteggersi dall\u2019inizio alla fine di ogni rapporto, ma anche a fare il test, visto che in Italia circa il 40% dei casi di HIV \u00e8 diagnosticato in modo tardivo (quando il contagio di altri soggetti \u00e8 gi\u00e0 avvenuto), e il 30% non \u00e8 stato ancora accertato.<\/p>\n<p>La campagna parler\u00e0 per 15 giorni sui social e dai muri di Ancona, Bari, Bologna, Cagliari, Genova, Mantova, Milano, Napoli, Palermo, Perugia, Pescara, Roma, Torino e Treviso, citt\u00e0 in cui ospedali e associazioni, volontari e medici sono pronti a scendere in campo per somministrare test gratuiti, depliant informativi e dispensare consigli a quanti abbiano capito che non si tratta dell\u2019ennesima \u201ctrovata pubblicitaria\u201d, anche perch\u00e9 non si sono n\u00e9 voti da raccogliere, n\u00e9 prodotti da piazzare, ma solo vite umane che ogni giorno si mettono a rischio per aver preso l\u2019AIDS sottogamba.<\/p>\n","protected":false},"excerpt":{"rendered":"<p>A dire stop al contagio da HIV saranno gli attori Michele Riondino e Lorena Cesarini, il cantautore romano Gazzelle, L I M, Ramiro Levy e Daniel Plentz dei Selton, Tiziano Ferro, Fabio Volo, Giorgio Panariello, Maria Pia Calzone, Rudy Zerbi e i The Jackal, le influencer Giulia Valentina e Paola Turani, <\/p>\n","protected":false},"author":3,"featured_media":1022961,"comment_status":"closed","ping_status":"open","sticky":false,"template":"","format":"standard","meta":{"_acf_changed":false,"footnotes":""},"categories":[82],"tags":[],"class_list":["post-1022960","post","type-post","status-publish","format-standard","has-post-thumbnail","hentry","category-world-aids-day"],"acf":[],"aioseo_notices":[],"_links":{"self":[{"href":"https:\/\/www.comodo.it\/blog\/wp-json\/wp\/v2\/posts\/1022960","targetHints":{"allow":["GET"]}}],"collection":[{"href":"https:\/\/www.comodo.it\/blog\/wp-json\/wp\/v2\/posts"}],"about":[{"href":"https:\/\/www.comodo.it\/blog\/wp-json\/wp\/v2\/types\/post"}],"author":[{"embeddable":true,"href":"https:\/\/www.comodo.it\/blog\/wp-json\/wp\/v2\/users\/3"}],"replies":[{"embeddable":true,"href":"https:\/\/www.comodo.it\/blog\/wp-json\/wp\/v2\/comments?post=1022960"}],"version-history":[{"count":0,"href":"https:\/\/www.comodo.it\/blog\/wp-json\/wp\/v2\/posts\/1022960\/revisions"}],"wp:featuredmedia":[{"embeddable":true,"href":"https:\/\/www.comodo.it\/blog\/wp-json\/wp\/v2\/media\/1022961"}],"wp:attachment":[{"href":"https:\/\/www.comodo.it\/blog\/wp-json\/wp\/v2\/media?parent=1022960"}],"wp:term":[{"taxonomy":"category","embeddable":true,"href":"https:\/\/www.comodo.it\/blog\/wp-json\/wp\/v2\/categories?post=1022960"},{"taxonomy":"post_tag","embeddable":true,"href":"https:\/\/www.comodo.it\/blog\/wp-json\/wp\/v2\/tags?post=1022960"}],"curies":[{"name":"wp","href":"https:\/\/api.w.org\/{rel}","templated":true}]}}