{"id":1022977,"date":"2018-11-30T00:20:13","date_gmt":"2018-11-29T23:20:13","guid":{"rendered":"https:\/\/www.comodo.it\/blog\/?p=1022977"},"modified":"2018-11-29T23:22:59","modified_gmt":"2018-11-29T22:22:59","slug":"giornata-mondiale-della-lotta-allaids-il-ministero-diffonde-i-dati-3400-nuovi-casi-di-hiv-nel-2017","status":"publish","type":"post","link":"https:\/\/www.comodo.it\/blog\/giornata-mondiale-della-lotta-allaids-il-ministero-diffonde-i-dati-3400-nuovi-casi-di-hiv-nel-2017\/","title":{"rendered":"Giornata Mondiale della lotta all&#8217;AIDS: il Ministero diffonde i dati, 3400 nuovi casi di HIV nel 2017"},"content":{"rendered":"<p>Alla vigilia della Giornata mondiale della lotta all\u2019Aids, che si celebrer\u00e0 anche in Italia sabato 1 dicembre, il ministero della Salute ha reso noti i dati nazionali sulle nuove diagnosi da HIV, aggiornati al 31 dicembre 2017.<\/p>\n<p style=\"font-weight: 400;\"><strong>I DATI IN BREVE<\/strong><\/p>\n<p style=\"font-weight: 400;\">Nel 2017 l\u2019Italia non ha fatto n\u00e9 meglio n\u00e9 peggio che negli anni precedenti:<strong> 3.443 nuove diagnosi di infezione da HIV<\/strong> pari a 5,7 nuovi casi ogni 100.000 residenti. L\u2019incidenza di nuovi casi nel Bel Paese \u00e8 simile a quella media osservata nel resto dell\u2019UE (5,8 nuovi casi per 100.000).<\/p>\n<p style=\"font-weight: 400;\">Si conferma una tendenza stabile, che smentisce le credenze comuni in merito ai nuovi infetti\u00a0 omosessuali, minoranze etniche e tossicodipendenti &#8211; considerate comunemente le categorie pi\u00f9 a rischio \u2013 non sono le prime ad ammalarsi. Il <strong>46% del totale dei 130.000 residenti con l&#8217;HIV \u00e8 composto da eterosessuali (25% uomini e 21% donne)<\/strong> <strong>di nazionalit\u00e0 italiana, di et\u00e0 compresa tra i 25 e i 29 anni<\/strong>: le persone che usano stupefacenti rappresentano invece appena il 3% di tutte le segnalazioni, mentre la gran parte degli stranieri (il 34% del totale dei casi) colpita da immunodeficienza parte sana e si ammala in Italia dopo essere emigrata.<\/p>\n<p style=\"font-weight: 400;\">Quanto all\u2019AIDS conseguente all\u2019infezione da HIV, dall\u2019inizio dell\u2019epidemia (1982) a oggi sono stati segnalati 69.734 casi, di cui 44.814 deceduti fino al 2015. Nel 2017 sono stati diagnosticati <strong>690 nuovi casi di AIDS<\/strong> (1,1 ogni 100.000 residenti): il 70% delle diagnosi &#8211; fatto in s\u00e9 di estrema gravit\u00e0 &#8211; riguardava persone che non sapevano di essere affette da HIV.<\/p>\n<p><strong>LE INIZIATIVE DEL MINISTERO DELLA SALUTE<\/strong><\/p>\n<p>Per celebrare simbolicamente l&#8217;1 dicembre, il ministro della\u00a0<span class=\"key\" title=\"\">Salute<\/span>\u00a0Giulia Grillo e il sindaco di Roma Virginia Raggi saranno nella Capitale, dove accenderanno le luci della lotta all\u2019Aids sulla Piramide Cestia, uno dei monumenti pi\u00f9 rappresentativi di Roma.<\/p>\n<p>Le luci rosse del WAD daranno il via ad una campagna mediatica e informativa per diffondere tra tutti gli italiani la conoscenza del <strong>numero verde dedicato ad Aids e Ist dell\u2019Istituto superiore di sanit\u00e0<\/strong>: l&#8217;<strong>800.861.061, che sabato sar\u00e0 attivo dalle 10 alle 18<\/strong>, anche per fornire indicazioni su dove, in tutta Italia, sar\u00e0 possibile sottoporsi gratuitamente e anonimamente al test Hiv e cos\u00ec accedere, in caso di sieropositivit\u00e0, con tempestivit\u00e0 a tutti i trattamenti farmacologici che la medicina mette a disposizione.<\/p>\n","protected":false},"excerpt":{"rendered":"<p>Si ammalano di pi\u00f9 i giovani maschi eterosessuali di et\u00e0 compresa tra i 25 e i 29 anni.<\/p>\n","protected":false},"author":3,"featured_media":1022983,"comment_status":"closed","ping_status":"open","sticky":false,"template":"","format":"standard","meta":{"_acf_changed":false,"footnotes":""},"categories":[82],"tags":[],"class_list":["post-1022977","post","type-post","status-publish","format-standard","has-post-thumbnail","hentry","category-world-aids-day"],"acf":[],"aioseo_notices":[],"_links":{"self":[{"href":"https:\/\/www.comodo.it\/blog\/wp-json\/wp\/v2\/posts\/1022977","targetHints":{"allow":["GET"]}}],"collection":[{"href":"https:\/\/www.comodo.it\/blog\/wp-json\/wp\/v2\/posts"}],"about":[{"href":"https:\/\/www.comodo.it\/blog\/wp-json\/wp\/v2\/types\/post"}],"author":[{"embeddable":true,"href":"https:\/\/www.comodo.it\/blog\/wp-json\/wp\/v2\/users\/3"}],"replies":[{"embeddable":true,"href":"https:\/\/www.comodo.it\/blog\/wp-json\/wp\/v2\/comments?post=1022977"}],"version-history":[{"count":0,"href":"https:\/\/www.comodo.it\/blog\/wp-json\/wp\/v2\/posts\/1022977\/revisions"}],"wp:featuredmedia":[{"embeddable":true,"href":"https:\/\/www.comodo.it\/blog\/wp-json\/wp\/v2\/media\/1022983"}],"wp:attachment":[{"href":"https:\/\/www.comodo.it\/blog\/wp-json\/wp\/v2\/media?parent=1022977"}],"wp:term":[{"taxonomy":"category","embeddable":true,"href":"https:\/\/www.comodo.it\/blog\/wp-json\/wp\/v2\/categories?post=1022977"},{"taxonomy":"post_tag","embeddable":true,"href":"https:\/\/www.comodo.it\/blog\/wp-json\/wp\/v2\/tags?post=1022977"}],"curies":[{"name":"wp","href":"https:\/\/api.w.org\/{rel}","templated":true}]}}