{"id":1024009,"date":"2019-04-16T00:38:48","date_gmt":"2019-04-15T22:38:48","guid":{"rendered":"https:\/\/www.comodo.it\/blog\/?p=1024009"},"modified":"2019-04-24T16:37:20","modified_gmt":"2019-04-24T14:37:20","slug":"test-hiv-minori-presto-si-potra-fare-senza-genitori","status":"publish","type":"post","link":"https:\/\/www.comodo.it\/blog\/test-hiv-minori-presto-si-potra-fare-senza-genitori\/","title":{"rendered":"Test Hiv minori, presto si potr\u00e0 fare senza genitori"},"content":{"rendered":"<p>Ora la norma \u00e8 pronta e, con gioia, il ministro alla Salute Giulia Grillo annuncia sar\u00e0 anche prestissimo realt\u00e0: il test HIV sar\u00e0 finalmente consentito anche ai minori, senza il previo consenso dei genitori.<\/p>\n<p>Oggi il libero accesso ai test diagnostici, che sono anonimi e gratuiti per tutti, non \u00e8 invece garantito ai cittadini minorenni, che hanno bisogno di un esplicito consenso del genitore o del tutore.<\/p>\n<p>L\u2019eliminazione di questo paletto normativo \u00e8 da molti punti di vista una vera e propria manna dal cielo: in primo luogo perch\u00e9 libera i giovani dall\u2019angoscia di <em>\u201cdoverlo dire a casa\u201d<\/em> (cosa che spesso non fanno, rinunciando ad una diagnosi); in secondo luogo perch\u00e9 libera i medici dall\u2019obbligo di un \u201cno\u201d sofferto, nei confronti di chi 16enne maturo o 17enne con un gran patema d\u2019animo, si presenta al pronto soccorso o al consultorio in lacrime e continua a trascinarsi il peso del dubbio fino alla maggiore et\u00e0.<\/p>\n<p>La fine del veto sui test HiV anonimi per gli adolescenti ha anche ragioni statistiche. Perch\u00e9 al di l\u00e0 dei dati noti, \u00e8 il sommerso che preoccupa. Nemmeno il Ministero della Salute crede pi\u00f9 ai numeri, che parlano di un\u2019incidenza piuttosto alta (15,9 nuovi casi ogni 100.000 residenti) di nuove infezioni tra i 25 e i 29 anni e di appena 500 su 130.000 casi di HiV che coinvolgono minori.<\/p>\n<p>Non ci credono perch\u00e9 centinaia di giovani scoprono di essere infetti a 23-24 anni, ma hanno contratto l\u2019HiV parecchi anni prima, visto che la loro diagnosi \u00e8 cos\u00ec tardiva che \u00e8 gi\u00e0 possibile parlare di AIDS conclamato.<\/p>\n<p>&nbsp;<\/p>\n<h2><strong>\u00a0La Posizione del Ministro alla Salute <\/strong><\/h2>\n<p>Il Ministro Grillo \u00a0\u00e8 tornata a parlare della sua proposta per consentire ai minori di effettuare il test senza l\u2019autorizzazione dei genitori nell\u2019ambito di una \u00abstrategia di contrasto all\u2019Hiv e alle malattie sessualmente trasmissibili \u00a0in ogni caso complessiva\u00bb.<\/p>\n<p>\u00abOggi \u2013 ha precisato &#8211; i dati ci dicono che i minori hanno anticipato la data dei loro primi rapporti sessuali. Innanzitutto ribadiamo l\u2019importanza dell\u2019uso del preservativo ma \u00e8 importante anche che i ragazzi possano fare il test senza l\u2019autorizzazione dei genitori\u00bb. \u00abServono figure sanitarie vicino ai ragazzi, che non vuol dire avere una figura fissa ma dovr\u00e0 essere prevista all\u2019interno dell\u2019assistenza territoriale, che possa essere di riferimento. Ho parlato con il mio Dg della prevenzione e ho chiesto di mettere su un programma\u00bb.<\/p>\n<p>&nbsp;<\/p>\n<h2><strong>La posizione del Garante per l\u2019Infanzia<\/strong><strong>\u00a0sul test ai minori<\/strong><\/h2>\n<p>Il si del Garante per l\u2019Infanzia e l&#8217;Adolescenza (Agia) al test per l&#8217;Hiv ai minorenni senza il consenso dei genitori, non \u00e8 comunque incondizionato ma a patto che siano rispettate tre condizioni:\u00a0 la prima \u00e8 che i test avvengano in un contesto protetto e dedicato nell\u2019ambito del Servizio sanitario nazionale; la seconda \u00e8 che in caso di positivit\u00e0 ai test i genitori o il tutore siano coinvolti al fine di garantire alla persona di minore et\u00e0 un adeguato supporto affettivo nella gestione della notizia e della terapia. Infine, \u00e8 necessario promuovere capillarmente una cultura della prevenzione e l\u2019educazione all\u2019affettivit\u00e0 e alle emozioni\u201d. L\u2019Autorit\u00e0 garante si \u00e8 inoltre resa disponibile a fornire il proprio contributo al ministero della Salute gi\u00e0 in fase di redazione di un eventuale disegno di legge in materia.<\/p>\n<p>Il parere tiene conto delle osservazioni della Consulta dei ragazzi dell\u2019Agia, l\u2019autorit\u00e0 consultiva composta da 18 studenti di scuole medie e superiori, che hanno espressamente richiesto di poter \u00a0ricevere informazioni adeguate a scuola e attraverso campagne sociali e spot. Sulla necessit\u00e0 di una cultura della prevenzione e sull\u2019educazione alla sessualit\u00e0 si era espressa, il 21 settembre 2017, anche la rete europea dei garanti (Enoc) con un\u2019apposita raccomandazione, a suo tempo inviata dall\u2019Agia al ministero della Salute e al Miur.<\/p>\n<p>&nbsp;<\/p>\n<h2><strong>La posizione dell\u2019UNICEF sul test ai minori<\/strong><\/h2>\n<p><img loading=\"lazy\" decoding=\"async\" class=\"alignleft size-full wp-image-1024011\" src=\"https:\/\/www.comodo.it\/blog\/wp-content\/uploads\/2019\/04\/image.png\" alt=\"\" width=\"480\" height=\"530\" \/> Non \u00e8 un caso che l\u2019UNICEF da anni, a dispetto delle leggi nazionali, continui a sottolineare l\u2019importanza dell\u2019accesso al test per tutti quei minori gi\u00e0 coinvolti in attivit\u00e0 adulte. La sua posizione \u00e8 netta: \u00abcos\u00ec come il sesso \u00e8 consentito tra adolescenti, allo stesso modo non \u00e8 possibile considerare illegale il test tra i minori\u00bb.<\/p>\n<p>Dopo il richiamo del Fondo delle Nazioni Unite per l&#8217;infanzia, in Europa molti stati si sono gi\u00e0 adattati, abbassando la soglia di et\u00e0 per l\u2019accesso ai test: i limiti per poter richiedere autonomamente il test per l\u2019HiV sono di 14 anni in Germania, Svizzera e Regno Unito, 15 anni in Estonia, 16 anni in Danimarca, Lettonia, Portogallo, Slovenia e Spagna.<\/p>\n<p>La difficolt\u00e0 da superare, secondo l\u2019UNICEF, \u00e8 per\u00f2 oggi un\u2019altra: \u00e8 quella costellazione nebulosa di leggi che, combattendo tra il desiderio di includere gli adolescenti nei programmi di prevenzione della salute del minore e la volont\u00e0 di non limitare troppo le responsabilit\u00e0 genitoriali, ha creato un patchwork impossibile da tradurre in regolamenti generali.<\/p>\n<p>Tuttavia qualcosa va fatta e di corsa, visto che: \u00abGli studi hanno dimostrato che in quei paesi in cui \u00e8 richiesto il consenso, l\u2019accesso al test degli adolescenti \u00e8 fortemente ridotto, a causa delle reazioni negative dei genitori che gli adolescenti tanto temono. E senza accesso anonimo ai test per tutti, nessuna azione di prevenzione sar\u00e0 mai davvero efficace\u00bb.<\/p>\n<p>&nbsp;<\/p>\n<p>&nbsp;<\/p>\n<p>&nbsp;<\/p>\n","protected":false},"excerpt":{"rendered":"<p>Pronta la norma che garantir\u00e0 anche ai giovanissimi l\u2019accesso al test. Ecco chi potr\u00e0 accedervi e in quali situazioni<\/p>\n","protected":false},"author":3,"featured_media":1024073,"comment_status":"closed","ping_status":"closed","sticky":false,"template":"","format":"standard","meta":{"_acf_changed":false,"footnotes":""},"categories":[87],"tags":[],"class_list":["post-1024009","post","type-post","status-publish","format-standard","has-post-thumbnail","hentry","category-news-su-aids-ed-mts"],"acf":[],"aioseo_notices":[],"_links":{"self":[{"href":"https:\/\/www.comodo.it\/blog\/wp-json\/wp\/v2\/posts\/1024009","targetHints":{"allow":["GET"]}}],"collection":[{"href":"https:\/\/www.comodo.it\/blog\/wp-json\/wp\/v2\/posts"}],"about":[{"href":"https:\/\/www.comodo.it\/blog\/wp-json\/wp\/v2\/types\/post"}],"author":[{"embeddable":true,"href":"https:\/\/www.comodo.it\/blog\/wp-json\/wp\/v2\/users\/3"}],"replies":[{"embeddable":true,"href":"https:\/\/www.comodo.it\/blog\/wp-json\/wp\/v2\/comments?post=1024009"}],"version-history":[{"count":0,"href":"https:\/\/www.comodo.it\/blog\/wp-json\/wp\/v2\/posts\/1024009\/revisions"}],"wp:featuredmedia":[{"embeddable":true,"href":"https:\/\/www.comodo.it\/blog\/wp-json\/wp\/v2\/media\/1024073"}],"wp:attachment":[{"href":"https:\/\/www.comodo.it\/blog\/wp-json\/wp\/v2\/media?parent=1024009"}],"wp:term":[{"taxonomy":"category","embeddable":true,"href":"https:\/\/www.comodo.it\/blog\/wp-json\/wp\/v2\/categories?post=1024009"},{"taxonomy":"post_tag","embeddable":true,"href":"https:\/\/www.comodo.it\/blog\/wp-json\/wp\/v2\/tags?post=1024009"}],"curies":[{"name":"wp","href":"https:\/\/api.w.org\/{rel}","templated":true}]}}