{"id":1026408,"date":"2019-11-01T21:33:05","date_gmt":"2019-11-01T20:33:05","guid":{"rendered":"https:\/\/www.comodo.it\/blog\/?p=1026408"},"modified":"2019-11-01T21:34:21","modified_gmt":"2019-11-01T20:34:21","slug":"i-disabili-e-la-sessualita-abilitiamo","status":"publish","type":"post","link":"https:\/\/www.comodo.it\/blog\/i-disabili-e-la-sessualita-abilitiamo\/","title":{"rendered":"I disabili e la sessualit\u00e0: AbilitiAMO rompe i tab\u00f9 sul tema"},"content":{"rendered":"<p>La <strong>sessualit\u00e0 nel mondo della disabilit\u00e0<\/strong> \u00e8 ancora un tema discusso e non approfondito, sul blog di comodo.it abbiamo approfondito l&#8217;argomento; dedicandogli un&#8217;intera categoria: <strong><a href=\"https:\/\/www.comodo.it\/blog\/categoria\/sesso-e-disabilita\/\" target=\"_blank\" rel=\"noopener noreferrer\">sesso e disabilit\u00e0<\/a><\/strong><\/p>\n<p>Negli ultimi anni tuttavia, l&#8217;attenzione verso queste tematiche \u00e8 cresciuta ne sono testimonianza i <a href=\"https:\/\/www.comodo.it\/blog\/love-ability-nasce-il-sito-per-l-amore-disabile\/\">numerosi incontri che vengono organizzati in tutta Italia<\/a>. Tra questi ha suscitato molto interesse la seconda edizione di &#8220;<strong>AbilitiAMO<\/strong>&#8220;, un convegno organizzato perso l&#8217;auditorium Comunale di Mozzo, dall&#8217;<strong>onlus \u201cAbilitare Convivendo\u201d<\/strong> .<\/p>\n<p>Si tratta di un&#8217; Associazione nata nel <strong>febbraio del 2011<\/strong>, grazie all\u2019iniziativa di un gruppo di genitori, fratelli e sorelle di persone disabili, ed ha l\u2019obiettivo di sostenere le persone con problemi fisici e psichici e le loro famiglie.<br \/>\nQuesto al fine di trovare <strong>soluzioni di vita pi\u00f9 indipendente e pi\u00f9 autonoma<\/strong> e migliorare benessere, anche da un punto di vista affettivo\/emozionale dei portatori di handicap.<\/p>\n<p>Al convegno \u00e8 stato illuminante l&#8217;intervento del relatore <strong>Fabrizio Quattrini,<\/strong> psicologo e psicoterapeuta, sessuologo e fondatore dell\u2019Istituto Italiano di Sessuologia Scientifica;che ha posto dinanzi ai partecipanti ed alle famiglie di persone disabili una serie di <strong>domande e di riflessioni sul tema caldo della sessualit\u00e0 vissuta<\/strong> da parte di una persona con disabilit\u00e0 psicomotorie.<\/p>\n<p>&nbsp;<\/p>\n","protected":false},"excerpt":{"rendered":"<p>La sessualit\u00e0 nel mondo della disabilit\u00e0 \u00e8 ancora un tema discusso e non approfondito, sul blog di comodo.it abbiamo approfondito l&#8217;argomento; dedicandogli un&#8217;intera categoria: sesso e disabilit\u00e0 Negli ultimi anni tuttavia, l&#8217;attenzione verso queste tematiche \u00e8 cresciuta ne sono testimonianza i numerosi incontri che vengono organizzati in tutta Italia. Tra questi ha suscitato molto interesse [&hellip;]<\/p>\n","protected":false},"author":10,"featured_media":1026415,"comment_status":"closed","ping_status":"closed","sticky":false,"template":"","format":"standard","meta":{"_acf_changed":false,"footnotes":""},"categories":[563],"tags":[957,955,667,956],"class_list":["post-1026408","post","type-post","status-publish","format-standard","has-post-thumbnail","hentry","category-sesso-e-disabilita","tag-abilitiamo","tag-disabili-e-sesso","tag-lovegiver","tag-sesso-disabili"],"acf":[],"aioseo_notices":[],"_links":{"self":[{"href":"https:\/\/www.comodo.it\/blog\/wp-json\/wp\/v2\/posts\/1026408","targetHints":{"allow":["GET"]}}],"collection":[{"href":"https:\/\/www.comodo.it\/blog\/wp-json\/wp\/v2\/posts"}],"about":[{"href":"https:\/\/www.comodo.it\/blog\/wp-json\/wp\/v2\/types\/post"}],"author":[{"embeddable":true,"href":"https:\/\/www.comodo.it\/blog\/wp-json\/wp\/v2\/users\/10"}],"replies":[{"embeddable":true,"href":"https:\/\/www.comodo.it\/blog\/wp-json\/wp\/v2\/comments?post=1026408"}],"version-history":[{"count":0,"href":"https:\/\/www.comodo.it\/blog\/wp-json\/wp\/v2\/posts\/1026408\/revisions"}],"wp:featuredmedia":[{"embeddable":true,"href":"https:\/\/www.comodo.it\/blog\/wp-json\/wp\/v2\/media\/1026415"}],"wp:attachment":[{"href":"https:\/\/www.comodo.it\/blog\/wp-json\/wp\/v2\/media?parent=1026408"}],"wp:term":[{"taxonomy":"category","embeddable":true,"href":"https:\/\/www.comodo.it\/blog\/wp-json\/wp\/v2\/categories?post=1026408"},{"taxonomy":"post_tag","embeddable":true,"href":"https:\/\/www.comodo.it\/blog\/wp-json\/wp\/v2\/tags?post=1026408"}],"curies":[{"name":"wp","href":"https:\/\/api.w.org\/{rel}","templated":true}]}}