{"id":1027980,"date":"2022-04-13T09:36:48","date_gmt":"2022-04-13T07:36:48","guid":{"rendered":"https:\/\/www.comodo.it\/blog\/?p=1027980"},"modified":"2022-04-13T09:36:48","modified_gmt":"2022-04-13T07:36:48","slug":"non-si-puo-essere-discriminati-per-la-sessualita-drusilla-foer-affronta-il-tema-della-discriminazione-sessuale","status":"publish","type":"post","link":"https:\/\/www.comodo.it\/blog\/non-si-puo-essere-discriminati-per-la-sessualita-drusilla-foer-affronta-il-tema-della-discriminazione-sessuale\/","title":{"rendered":"&#8220;Non si pu\u00f2 essere discriminati per la sessualit\u00e0&#8230;&#8221; Drusilla Foer affronta il tema della Discriminazione Sessuale"},"content":{"rendered":"<p>La Sessualit\u00e0 non pu\u00f2 essere motivo di discriminazione, eppure \u00e8 quello che accade ancora oggi, ne parla Drusilla Foer durante un&#8217;<strong>intervista con Pierluigi Diaco<\/strong>, in occasione della prima puntata della <strong>nuova stagione di \u201cIo Sento\u201d<\/strong>.<\/p>\n<h3>\u201cNon si pu\u00f2 essere discriminati per la sessualit\u00e0\u2026\u201d Afferma l&#8217;Attrice.<\/h3>\n<p>Drusilla Foer dopo il successo ottenuto sul palco del Festival di Sanremo 2022, torna sotto i riflettori durante la prima puntata di Io Sento, trasmissione di Pierluigi Diaco. Drusilla Foer affronta il tema della libert\u00e0 e della sessualit\u00e0.<br \/>\nSi \u00e8 trattato di un racconto sincero, in cui si discute della necessit\u00e0 di abbattere le <strong><a href=\"https:\/\/www.comodo.it\/blog\/liberi-di-essere-e-lo-sportello-di-ascolto-e-sostegno-a-chi-ha-deciso-di-cercare-il-proprio-orientamento-sessuale\/\">discriminazioni legate alle scelte sessuali<\/a><\/strong> di ogni individuo, ricordando che le qualit\u00e0 di una persona non hanno nulla a che fare con la sessualit\u00e0 e che si pu\u00f2 essere delle brave persone e &#8230;anche <strong>libere di esprimere il &#8220;proprio essere&#8221;<\/strong>.<\/p>\n<blockquote><p>\u201cLa libert\u00e0 \u00e8 essere quello che si \u00e8 e in quello che si \u00e8 c\u2019\u00e8 anche la sessualit\u00e0, ma non \u00e8 che la propria libert\u00e0 alberga solo nella sessualit\u00e0 . E allora, io che mi batto per tutti coloro che non sono ascoltati, la sessualit\u00e0 non pu\u00f2 essere un tema che discrimina proprio perch\u00e8 \u00e8 un tema che non a che fare con la qualit\u00e0 della persona. Essere una brava persona non ha a che fare con il tipo di sessualit\u00e0\u201d, spiega.<\/p><\/blockquote>\n<h2>&#8220;I no detti di Drusilla Foer&#8230;.&#8221;<\/h2>\n<div id=\"attachment_1027981\" style=\"width: 610px\" class=\"wp-caption aligncenter\"><img loading=\"lazy\" decoding=\"async\" aria-describedby=\"caption-attachment-1027981\" class=\"wp-image-1027981 size-medium\" src=\"https:\/\/www.comodo.it\/blog\/wp-content\/uploads\/2022\/04\/drusilla-foer-sessualita-600x400.webp\" alt=\"drusilla foer sessualit\u00e0\" width=\"600\" height=\"400\" srcset=\"https:\/\/www.comodo.it\/blog\/wp-content\/uploads\/2022\/04\/drusilla-foer-sessualita-600x400.webp 600w, https:\/\/www.comodo.it\/blog\/wp-content\/uploads\/2022\/04\/drusilla-foer-sessualita-482x320.webp 482w, https:\/\/www.comodo.it\/blog\/wp-content\/uploads\/2022\/04\/drusilla-foer-sessualita.webp 638w\" sizes=\"auto, (max-width: 600px) 100vw, 600px\" \/><p id=\"caption-attachment-1027981\" class=\"wp-caption-text\"><strong><i>&#8220;La sessualit\u00e0 non pu\u00f2 essere un tema che discrimina, non ha a che fare con la qualit\u00e0 della persona ma con l&#8217;esperienza. Io credo che il tema sia la libert\u00e0 di essere quello che si \u00e8 e in questo c&#8217;\u00e8 anche la sessualit\u00e0&#8221;<\/i><\/strong><\/p><\/div>\n<p>In seguito al successo ottenuto al Festival di Sanremo 2022, Drusilla Foer \u00e8 stata sommersa dalle proposte lavorative a cui, tuttavia, ha anche detto &#8220;no&#8221;. Il motivo di questi rifiuti, come spiegato dala Foer stessa (che ha risposto prontamente con sincerit\u00e0 durante la diretta di Pierluigi Diaco) \u00e8 che per l&#8217;attrice era importante partecipare al ruolo che gli era proposto, esprimendo se stessa al completo.<\/p>\n<blockquote><p>\u201cHo detto il 97% di no\u201d, ammette Drusilla. \u201cPerch\u00e8?\u201d, chiede Diaco. \u201cHo accettato le cose dove mi era possibile esprimere una parte di me. E\u2019 chiaro che dopo Sanremo ci sono state cose che non ho avuto nemmeno il tempo che mi sarebbe piaciuto fare\u201d, spiega la Foer.<\/p><\/blockquote>\n","protected":false},"excerpt":{"rendered":"<p>La Sessualit\u00e0 non pu\u00f2 essere motivo di discriminazione, eppure \u00e8 quello che accade ancora oggi, ne parla Drusilla Foer durante un&#8217;intervista con Pierluigi Diaco, in occasione della prima puntata della nuova stagione di \u201cIo Sento\u201d. \u201cNon si pu\u00f2 essere discriminati per la sessualit\u00e0\u2026\u201d Afferma l&#8217;Attrice. Drusilla Foer dopo il successo ottenuto sul palco del Festival [&hellip;]<\/p>\n","protected":false},"author":10,"featured_media":1027982,"comment_status":"closed","ping_status":"closed","sticky":false,"template":"","format":"standard","meta":{"_acf_changed":false,"footnotes":""},"categories":[132],"tags":[],"class_list":["post-1027980","post","type-post","status-publish","format-standard","has-post-thumbnail","hentry","category-curiosita-e-miti-sul-sesso"],"acf":[],"aioseo_notices":[],"_links":{"self":[{"href":"https:\/\/www.comodo.it\/blog\/wp-json\/wp\/v2\/posts\/1027980","targetHints":{"allow":["GET"]}}],"collection":[{"href":"https:\/\/www.comodo.it\/blog\/wp-json\/wp\/v2\/posts"}],"about":[{"href":"https:\/\/www.comodo.it\/blog\/wp-json\/wp\/v2\/types\/post"}],"author":[{"embeddable":true,"href":"https:\/\/www.comodo.it\/blog\/wp-json\/wp\/v2\/users\/10"}],"replies":[{"embeddable":true,"href":"https:\/\/www.comodo.it\/blog\/wp-json\/wp\/v2\/comments?post=1027980"}],"version-history":[{"count":0,"href":"https:\/\/www.comodo.it\/blog\/wp-json\/wp\/v2\/posts\/1027980\/revisions"}],"wp:featuredmedia":[{"embeddable":true,"href":"https:\/\/www.comodo.it\/blog\/wp-json\/wp\/v2\/media\/1027982"}],"wp:attachment":[{"href":"https:\/\/www.comodo.it\/blog\/wp-json\/wp\/v2\/media?parent=1027980"}],"wp:term":[{"taxonomy":"category","embeddable":true,"href":"https:\/\/www.comodo.it\/blog\/wp-json\/wp\/v2\/categories?post=1027980"},{"taxonomy":"post_tag","embeddable":true,"href":"https:\/\/www.comodo.it\/blog\/wp-json\/wp\/v2\/tags?post=1027980"}],"curies":[{"name":"wp","href":"https:\/\/api.w.org\/{rel}","templated":true}]}}