{"id":1028420,"date":"2022-11-02T09:22:24","date_gmt":"2022-11-02T08:22:24","guid":{"rendered":"https:\/\/www.comodo.it\/blog\/?p=1028420"},"modified":"2022-11-02T09:23:58","modified_gmt":"2022-11-02T08:23:58","slug":"a-bisceglie-arriva-un-progetto-che-rompe-i-tabu-sulla-sessualita-e-affettivita-delle-persone-con-disabilita","status":"publish","type":"post","link":"https:\/\/www.comodo.it\/blog\/a-bisceglie-arriva-un-progetto-che-rompe-i-tabu-sulla-sessualita-e-affettivita-delle-persone-con-disabilita\/","title":{"rendered":"A Bisceglie arriva un Progetto che rompe i tabu sulla sessualit\u00e0 e affettivit\u00e0 delle persone con disabilit\u00e0"},"content":{"rendered":"<p>Quanto \u00e8 complicata la sessualit\u00e0 per <strong>uomini e donne con disabilit\u00e0<\/strong>? Proviamo, per un attimo, a riflettere sulle <strong>difficolt\u00e0 vissute da una persona che si avvicina ad un partner<\/strong>, consapevole o timoroso delle limitazioni del proprio handicap: Abbiamo mai pensato a cosa si prova a dover fare i conti con i<strong> tabu sociali che possono limitare la vita sessuale ed affettiva<\/strong>? Di questo, abbiamo parlato a lungo nella <a href=\"https:\/\/www.comodo.it\/blog\/categoria\/sesso-e-disabilita\/\"><strong>sezione Sesso e disabilit\u00e0 del nostro blog<\/strong><\/a>, ma approfittiamo dell&#8217;occasione per segnalare un&#8217;iniziativa in cui si discuter\u00e0 <strong>a Bisceglie della sfera sessuale ed affettiva delle persone con handicap, dal 3 a 5 novembre<\/strong>.<\/p>\n<h2>Vita sessuale e disabilit\u00e0? Il limite \u00e8 solo nei Tabu<\/h2>\n<p>In questi giorni si terranno una serie di <strong>mostre, incontri e proiezioni di cortometraggi<\/strong> che si incentrano su temi idella \u201caffettivit\u00e0 e sessualit\u00e0 delle persone con disabilit\u00e0\u201d.<\/p>\n<p><strong>Il progetto si chiama \u201cSensuability, nati per rompere i tab\u00f9\u201d<\/strong> e si terr\u00e0 a Bisceglie, ideato e promosso da Armanda Salvucci. Lo scopo \u00e8 quello di affrontare il pregiudizio legato alla sfera affettiva e sessuale delle persone con disabilit\u00e0 per poi sfatare tutti i pregiudizi e gli stereotipi ancora esistenti. E lo si vuole fare attraverso strumenti come le <strong>arti: cinema, fotografia, pittura, musica, fumetto, linguaggi universali<\/strong> per avere una maniera diretta ed efficace di arrivare al cuore del problema e lasciare uno spunto di riflessione sui temi delle <strong>gabbie mentali ed emotive della &#8220;percezione di una normalit\u00e0 presunta&#8221;<\/strong> di chi fa i conti, ogni giorno, con i limiti del proprio corpo.<\/p>\n<img loading=\"lazy\" decoding=\"async\" class=\" wp-image-1028422 aligncenter\" src=\"https:\/\/www.comodo.it\/blog\/wp-content\/uploads\/2022\/11\/sensuability-bisceglie-600x338.jpg\" alt=\"sensuability bisceglie\" width=\"430\" height=\"242\" srcset=\"https:\/\/www.comodo.it\/blog\/wp-content\/uploads\/2022\/11\/sensuability-bisceglie-600x338.jpg 600w, https:\/\/www.comodo.it\/blog\/wp-content\/uploads\/2022\/11\/sensuability-bisceglie-1024x576.jpg 1024w, https:\/\/www.comodo.it\/blog\/wp-content\/uploads\/2022\/11\/sensuability-bisceglie-768x432.jpg 768w, https:\/\/www.comodo.it\/blog\/wp-content\/uploads\/2022\/11\/sensuability-bisceglie-1536x864.jpg 1536w, https:\/\/www.comodo.it\/blog\/wp-content\/uploads\/2022\/11\/sensuability-bisceglie-2048x1152.jpg 2048w, https:\/\/www.comodo.it\/blog\/wp-content\/uploads\/2022\/11\/sensuability-bisceglie-1280x720.jpg 1280w\" sizes=\"auto, (max-width: 430px) 100vw, 430px\" \/>\n<p>Il progetto \u00e8 stato approvato dalla commissione Pari opportunit\u00e0 del comune di Bisceglie, che sotto la presidenza di Lia Storelli, ha inteso declinare il proprio impegno estendendo lo sguardo a tutte le forme che la discriminazione assume.&nbsp;<\/p>\n<p>Il progetto ha incluso l&#8217;intervento di molte associazioni attive sul territorio come: <strong>Con. Te. Sto. Lab., Temenos cooperativa Sociale, Pegaso, Diversamente uguali<\/strong>. Tutti gli incontri sono aperti e gratuiti.<\/p>\n<p>Il programma prevede tre giornate con diverse iniziative, ecco nel dettaglio:<\/p>\n<p><strong>3 novembre, ore: 19:00<\/strong> a vr\u00e0 luogo il taglio del nastro della mostra Sensuability, presso le sale espositive di Palazzo Tupputi. La mostra sar\u00e0 aperta al pubblico dal 4 al 6 novembre dalle ore 9.30\/12 alle 17\/20.<\/p>\n<p><strong>4 novembre, ore: 19,30<\/strong> avr\u00e0 luogo la Conferenza sul progetto nazionale <strong>\u201cSensuability, nati per rompere i tab\u00f9\u201d<\/strong>, evento organizzato con la collaborazione del Rotary Club di Bisceglie, presso le Vecchie Segherie Mastrototaro, via Porto 35.<\/p>\n<p><strong>5 novembre, ore: 19,30<\/strong> si terr\u00e0 un incontro, <strong>\u201cDisability Wellness\u201d,<\/strong> con le realt\u00e0 territoriali che si occupano di disabilit\u00e0, presso la sala degli specchi di Palazzo Tupputi. In quest&#8217;occasione verr\u00e0 proiettato il cortometraggio \u201cRistorante fuori di testa\u201d, realizzato dalla cooperativa sociale Temenos e premiato come \u201cmiglior interprete protagonista\u201d.<\/p>\n<h3>Sessualit\u00e0 e disabilit\u00e0? Una realt\u00e0 possibile, lontana da qualsiasi forma di pregiudizio<\/h3>\n<blockquote><p>\u201c<strong>Sessualit\u00e0 e disabilit\u00e0<\/strong>, due concetti apparentemente inconciliabili e che invece possono convivere in un mondo libero da <strong>stereotipi e pregiudizio<\/strong>\u201d chiarisce Roberta Rigante. \u201cCon la condivisione di numerose realt\u00e0 associative locali, come amministrazione comunale e come condiviso con il sindaco Angarano, abbiamo voluto portare a <strong>Bisceglie Sensuability<\/strong>, iniziativa nata grazie ad Armanda Salvucci, fondatrice dell\u2019associazione \u2018Nessuno tocchi Mario\u2019, un progetto nazionale teso ad affrontare con ironia una serie di stereotipi. Senza mai dimenticare che \u2018la prima volta siamo tutti disabili\u2019, la missione di Sensuability \u00e8 quella di cambiare l\u2019immaginario collettivo sulle persone con disabilit\u00e0 per non fare pi\u00f9 distinzioni, eccezioni, tortuosi ragionamenti e giri di parole. Perch\u00e9 serve una forma di ribellione culturale per manomettere i vecchi ingranaggi di un immaginario collettivo ancora troppo ancorato a preconcetti di ogni genere\u201d<\/p><\/blockquote>\n<p>.<\/p>\n","protected":false},"excerpt":{"rendered":"<p>Quanto \u00e8 complicata la sessualit\u00e0 per uomini e donne con disabilit\u00e0? Proviamo, per un attimo, a riflettere sulle difficolt\u00e0 vissute da una persona che si avvicina ad un partner, consapevole o timoroso delle limitazioni del proprio handicap: Abbiamo mai pensato a cosa si prova a dover fare i conti con i tabu sociali che possono [&hellip;]<\/p>\n","protected":false},"author":10,"featured_media":1028423,"comment_status":"closed","ping_status":"closed","sticky":false,"template":"","format":"standard","meta":{"_acf_changed":false,"footnotes":""},"categories":[563],"tags":[],"class_list":["post-1028420","post","type-post","status-publish","format-standard","has-post-thumbnail","hentry","category-sesso-e-disabilita"],"acf":[],"aioseo_notices":[],"_links":{"self":[{"href":"https:\/\/www.comodo.it\/blog\/wp-json\/wp\/v2\/posts\/1028420","targetHints":{"allow":["GET"]}}],"collection":[{"href":"https:\/\/www.comodo.it\/blog\/wp-json\/wp\/v2\/posts"}],"about":[{"href":"https:\/\/www.comodo.it\/blog\/wp-json\/wp\/v2\/types\/post"}],"author":[{"embeddable":true,"href":"https:\/\/www.comodo.it\/blog\/wp-json\/wp\/v2\/users\/10"}],"replies":[{"embeddable":true,"href":"https:\/\/www.comodo.it\/blog\/wp-json\/wp\/v2\/comments?post=1028420"}],"version-history":[{"count":0,"href":"https:\/\/www.comodo.it\/blog\/wp-json\/wp\/v2\/posts\/1028420\/revisions"}],"wp:featuredmedia":[{"embeddable":true,"href":"https:\/\/www.comodo.it\/blog\/wp-json\/wp\/v2\/media\/1028423"}],"wp:attachment":[{"href":"https:\/\/www.comodo.it\/blog\/wp-json\/wp\/v2\/media?parent=1028420"}],"wp:term":[{"taxonomy":"category","embeddable":true,"href":"https:\/\/www.comodo.it\/blog\/wp-json\/wp\/v2\/categories?post=1028420"},{"taxonomy":"post_tag","embeddable":true,"href":"https:\/\/www.comodo.it\/blog\/wp-json\/wp\/v2\/tags?post=1028420"}],"curies":[{"name":"wp","href":"https:\/\/api.w.org\/{rel}","templated":true}]}}