{"id":1029479,"date":"2024-11-08T10:23:42","date_gmt":"2024-11-08T09:23:42","guid":{"rendered":"https:\/\/www.comodo.it\/blog\/?p=1029479"},"modified":"2024-11-08T11:10:54","modified_gmt":"2024-11-08T10:10:54","slug":"oltre-i-tabu-educazione-sessuale-e-affettiva-per-giovani-consapevoli","status":"publish","type":"post","link":"https:\/\/www.comodo.it\/blog\/oltre-i-tabu-educazione-sessuale-e-affettiva-per-giovani-consapevoli\/","title":{"rendered":"Oltre i tab\u00f9. Educazione Sessuale e Affettiva per Giovani consapevoli"},"content":{"rendered":"<p>La <strong>Giornata Mondiale contro l\u2019AIDS<\/strong> che si celebra ogni anno il 1\u00b0 dicembre dal 1988, \u00e8 un momento per riflettere sui rischi del sesso non protetto, un momento di condivisione di esperienze e informazioni utili per poter vivere il sesso in tutto il suo piacere nel rispetto di se stess* e degli altri!<\/p>\n<h2>Oltre i tab\u00f9: un evento de la Consulta Giovanile di Meolo<\/h2>\n<p>In occasione e per celebrare il WORLD AIDS DAY, il giorno 30 novembre alle ore 15:20 presso la Sala Consiliare, la Consulta Giovanile di Meolo ha organizzato \u201c<strong>Oltre i tab\u00f9. Educazione Sessuale e Affettiva per Giovani consapevoli<\/strong>&#8220;: un evento per affrontare insieme i temi dell\u2019affettivit\u00e0, della salute e della prevenzione, rompendo i tab\u00f9 che spesso circondano la sessualit\u00e0.<\/p>\n<p>Il programma prevede la proiezione della pellicola \u201c<strong>120 battiti al minuto<\/strong>\u201d di Robin Campillo, durante l\u2019evento la <strong>Dott.ssa Rosa Olga Nardelli<\/strong>, psicologa e psicoterapeuta in formazione, esplorer\u00e0 il ruolo dell\u2019affettivit\u00e0 e della sessualit\u00e0 nella vita dei giovani, con particolare attenzione alle dinamiche relazionali.<\/p>\n<p>A seguire un medico parler\u00e0 di prevenzione, salute sessuale e malattie sessualmente trasmissibili (MST), offrendo consigli pratici per proteggere la propria salute.<\/p>\n<p>Il film \u201c120 battiti al minuto\u201d racconta la storia di un gruppo di giovani attivisti nella lotta contro l\u2019AIDS, un inno alla solidariet\u00e0 e al coraggio.<\/p>\n<p>Grazie alla collaborazione con LILA (Lega Italiana per la Lotta contro l\u2019AIDS) e con Comodo.it, saranno distribuiti materiali informativi e omaggi per sensibilizzare sul benessere sessuale e sull\u2019importanza della prevenzione.<\/p>\n<p>Da sempre Comodo.it, il portale dei preservativi, \u00e8 attivo nella divulgazione del sesso protetto mediante l\u2019uso corretto del preservativo per prevenire la diffusione di malattie sessualmente trasmissibile e per prevenire gravidanze indesiderate.<\/p>\n<p>Il profilattico resta l\u2019unico mezzo per godere del sesso liberamente, motivo per cui, per sostenere l\u2019evento Oltre i tab\u00f9 Comodo.it ha donato circa 100 preservativi <a href=\"\/brand\/38-mrcomodo\">MrComodo MegaSex<\/a>, un prodotto innovativo. Questi preservativi sono realizzati in resina sintetica, un materiale privo di lattice, e offrono una serie di vantaggi rispetto ai tradizionali preservativi in lattice, tra cui una maggiore resistenza e sensibilit\u00e0.<\/p>\n<h3>Storia del Wolrd Aids Day<\/h3>\n<p>La Giornata mondiale contro l&#8217;AIDS \u00e8 un movimento globale per unire le persone nella lotta contro l&#8217;HIV e l&#8217;AIDS.<\/p>\n<p>Dal 1988, le comunit\u00e0 si sono unite nella Giornata mondiale contro l&#8217;AIDS per mostrare forza e solidariet\u00e0 contro lo stigma dell&#8217;HIV e per ricordare le vite perdute.<\/p>\n<p>Il nastro rosso \u00e8 il simbolo universale della consapevolezza e del supporto per le persone affette da HIV. \u00c8 stato ideato per la prima volta nel 1991, quando dodici artisti si sono incontrati per discutere di un nuovo progetto per Visual AIDS, un&#8217;organizzazione artistica di sensibilizzazione sull&#8217;HIV di New York.<\/p>\n<p>Fu l\u00ec che inventarono quello che sarebbe diventato uno dei simboli pi\u00f9 riconosciuti del decennio: il nastro rosso, indossato per simboleggiare consapevolezza e supporto per le persone affette da HIV. Gli artisti volevano creare un&#8217;espressione visiva di compassione per le persone affette da HIV e scelsero il rosso per la sua audacia e per le sue associazioni simboliche con passione, cuore e amore.<\/p>\n","protected":false},"excerpt":{"rendered":"<p>La Giornata Mondiale contro l\u2019AIDS che si celebra ogni anno il 1\u00b0 dicembre dal 1988, \u00e8 un momento per riflettere sui rischi del sesso non protetto, un momento di condivisione di esperienze e informazioni utili per poter vivere il sesso in tutto il suo piacere nel rispetto di se stess* e degli altri! Oltre i [&hellip;]<\/p>\n","protected":false},"author":3,"featured_media":1029480,"comment_status":"closed","ping_status":"closed","sticky":false,"template":"","format":"standard","meta":{"_acf_changed":false,"footnotes":""},"categories":[870,88,82],"tags":[],"class_list":["post-1029479","post","type-post","status-publish","format-standard","has-post-thumbnail","hentry","category-aids-e-mts","category-safer-sex","category-world-aids-day"],"acf":[],"aioseo_notices":[],"_links":{"self":[{"href":"https:\/\/www.comodo.it\/blog\/wp-json\/wp\/v2\/posts\/1029479","targetHints":{"allow":["GET"]}}],"collection":[{"href":"https:\/\/www.comodo.it\/blog\/wp-json\/wp\/v2\/posts"}],"about":[{"href":"https:\/\/www.comodo.it\/blog\/wp-json\/wp\/v2\/types\/post"}],"author":[{"embeddable":true,"href":"https:\/\/www.comodo.it\/blog\/wp-json\/wp\/v2\/users\/3"}],"replies":[{"embeddable":true,"href":"https:\/\/www.comodo.it\/blog\/wp-json\/wp\/v2\/comments?post=1029479"}],"version-history":[{"count":0,"href":"https:\/\/www.comodo.it\/blog\/wp-json\/wp\/v2\/posts\/1029479\/revisions"}],"wp:featuredmedia":[{"embeddable":true,"href":"https:\/\/www.comodo.it\/blog\/wp-json\/wp\/v2\/media\/1029480"}],"wp:attachment":[{"href":"https:\/\/www.comodo.it\/blog\/wp-json\/wp\/v2\/media?parent=1029479"}],"wp:term":[{"taxonomy":"category","embeddable":true,"href":"https:\/\/www.comodo.it\/blog\/wp-json\/wp\/v2\/categories?post=1029479"},{"taxonomy":"post_tag","embeddable":true,"href":"https:\/\/www.comodo.it\/blog\/wp-json\/wp\/v2\/tags?post=1029479"}],"curies":[{"name":"wp","href":"https:\/\/api.w.org\/{rel}","templated":true}]}}