{"id":6671,"date":"2021-08-12T09:00:00","date_gmt":"2021-08-12T07:00:00","guid":{"rendered":""},"modified":"2021-08-12T11:42:47","modified_gmt":"2021-08-12T09:42:47","slug":"vacanze-estive-solo-un-ragazzo-su-tre-si-protegge","status":"publish","type":"post","link":"https:\/\/www.comodo.it\/blog\/vacanze-estive-solo-un-ragazzo-su-tre-si-protegge\/","title":{"rendered":"Vacanze estive: Solo un ragazzo su tre si protegge"},"content":{"rendered":"<p>Nel mondo si contano oltre 365 milioni di contagi l&#8217;anno, tra la popolazione sessualmente attiva. Molti dei casi riguardano soprattutto i giovani tra 15 e i 24 anni. Si Parla di malattie provocate da virus, batteri ma anche di protozoi o parassiti trasmessi attraverso rapporti sessuali non protetti.<\/p>\n<p>La fascia d&#8217;et\u00e0 pi\u00f9 esposta sembra che sia quella degli adolescenti e dei giovani adulti.<\/p>\n<blockquote><p>&#8220;Per due ragioni: una \u00e8 fisica, l&#8217;altra comportamentale&#8221; fa sapere Barbara Suligoi, direttore del Centro operativo Aids dell&#8217;Istituto superiore di sanit\u00e0 .<\/p><\/blockquote>\n<h2>Ecco cosa confermano i dati statistici in Italia<\/h2>\n<p>Tutti pronti per partire per le <strong>vacanze <\/strong>ma mancano i <strong>contraccettivi<\/strong>: solo un ragazzo su 3 li porter\u00e0 con s\u00e9 anche se ben il 64% crede che vivr\u00e0 un&#8217;avventura occasionale. I giovani italiani, &#8220;fotografati&#8221; dalla Societa&#8217; Italiana di Ginecologia e Ostetricia (SIGO) con un sondaggio su 1.131 maturandi, sono <strong>precoci e promiscui<\/strong>: il 32% inizia l&#8217;attivit\u00e0 sessuale prima dei 15 anni, nella meta&#8217; dei casi d&#8217;estate.<\/p>\n<p>Il 42% degli intervistati ha gia&#8217; avuto da 2 a 5 partner, il 10% da 6 a 10 e il 9% pi\u00f9 di 10. Solo un&#8217;esigua minoranza (12%) utilizza abitualmente la doppia protezione (pillola pi\u00f9 preservativo), il pi\u00f9 efficace strumento contro gravidanze indesiderate e <a href=\"\/blog\/le-malattie-a-trasmissione-sessuale-mts\/\" target=\"_blank\" rel=\"noopener noreferrer\">malattie sessualmente trasmissibili<\/a>&nbsp;e ben una teenager su 4 ha gi\u00e0 fatto ricorso almeno una volta alla contraccezione di emergenza.<\/p>\n<p>Per rispondere a questa emergenza, che diventa &#8220;allarme rosso&#8221; nei mesi caldi, la Societ\u00e0 scientifica sta girando l&#8217;Italia con l&#8217;iniziativa &#8220;parti sicuro con Travelsex&#8221; che questa settimana sbarca nel porto di Genova.<\/p>\n<p>Da oggi fino al 30 luglio nella libreria Giunti dello scalo ligure, sara&#8217; disponibile per tutti i giovani gratuitamente il <strong>&#8220;Passaporto dell&#8217;amore&#8221;<\/strong>, un documento che riepiloga le principali informazioni in tema di contraccezione e protezione da conoscere prima di mettersi in viaggio.<\/p>\n<p>&nbsp;<\/p>\n<p>I dati sull&#8217;utilizzo degli anticoncezionali nel nostro Paese sono sconfortanti ma la Liguria \u00e8 una regione &#8220;virtuosa&#8221; e si colloca al terzo posto in Italia, dietro solo a Sardegna e Valle D&#8217;Aosta.<\/p>\n<p>Le minorenni sono responsabili da sole del 3,4% del totale di tutte le interruzioni volontarie di gravidanza e 3 volte su 4 chi contrae un&#8217;infezione a causa di rapporti non protetti \u00e8 un giovane tra i 15 e i 24 anni. Il nostro obiettivo &#8211; continua &#8211; e&#8217; sensibilizzare i giovani sull&#8217;importanza della prevenzione e dell&#8217;informazione. I mesi estivi sono quelli di massima allerta: lo riscontriamo a settembre nei nostri ambulatori dove si verifica un boom di accessi (+30%), per tentare di risolvere situazioni di crisi che si sono determinate nei mesi precedenti&#8221;.<\/p>\n<h2>La situazione dopo il Covid<\/h2>\n<blockquote><p>&#8220;Non c&#8217;\u00e8 dubbio che l&#8217;estate sia un fattore determinante nell&#8217;incidenza delle Ist &#8211; conferma l&#8217;esperta &#8211; da anni osserviamo un picco di diagnosi dopo le vacanze estive&#8221;.<\/p><\/blockquote>\n<p>I dati a disposizione riguardano il periodo prima del Covid, attualmente sembra che le cose stiano cambiando ulteriormente.<\/p>\n","protected":false},"excerpt":{"rendered":"<p>Uso della contraccezione in calo tra i giovani italiani.<\/p>\n","protected":false},"author":3,"featured_media":1027543,"comment_status":"closed","ping_status":"closed","sticky":false,"template":"","format":"standard","meta":{"_acf_changed":false,"footnotes":""},"categories":[79],"tags":[],"class_list":["post-6671","post","type-post","status-publish","format-standard","has-post-thumbnail","hentry","category-contraccezione"],"acf":[],"aioseo_notices":[],"_links":{"self":[{"href":"https:\/\/www.comodo.it\/blog\/wp-json\/wp\/v2\/posts\/6671","targetHints":{"allow":["GET"]}}],"collection":[{"href":"https:\/\/www.comodo.it\/blog\/wp-json\/wp\/v2\/posts"}],"about":[{"href":"https:\/\/www.comodo.it\/blog\/wp-json\/wp\/v2\/types\/post"}],"author":[{"embeddable":true,"href":"https:\/\/www.comodo.it\/blog\/wp-json\/wp\/v2\/users\/3"}],"replies":[{"embeddable":true,"href":"https:\/\/www.comodo.it\/blog\/wp-json\/wp\/v2\/comments?post=6671"}],"version-history":[{"count":0,"href":"https:\/\/www.comodo.it\/blog\/wp-json\/wp\/v2\/posts\/6671\/revisions"}],"wp:featuredmedia":[{"embeddable":true,"href":"https:\/\/www.comodo.it\/blog\/wp-json\/wp\/v2\/media\/1027543"}],"wp:attachment":[{"href":"https:\/\/www.comodo.it\/blog\/wp-json\/wp\/v2\/media?parent=6671"}],"wp:term":[{"taxonomy":"category","embeddable":true,"href":"https:\/\/www.comodo.it\/blog\/wp-json\/wp\/v2\/categories?post=6671"},{"taxonomy":"post_tag","embeddable":true,"href":"https:\/\/www.comodo.it\/blog\/wp-json\/wp\/v2\/tags?post=6671"}],"curies":[{"name":"wp","href":"https:\/\/api.w.org\/{rel}","templated":true}]}}